{"id":33761,"date":"2010-08-29T16:37:53","date_gmt":"2010-08-29T16:37:53","guid":{"rendered":"http:\/\/diariodominicano.ddns.net\/?p=33761"},"modified":"2010-08-29T16:37:53","modified_gmt":"2010-08-29T16:37:53","slug":"don-manuel-de-ovin-filpo","status":"publish","type":"post","link":"https:\/\/diariodominicano.com\/?p=33761","title":{"rendered":"Don Manuel de Ov\u00edn Filpo"},"content":{"rendered":"<p><body><\/p>\n<p><span class=\"text1noticias\"> Don Manuel de Ov\u00edn Filpo<\/span><\/p>\n<p><span class=\"text1noticias\"> <\/span><\/p>\n<p><span class=\"text1noticias\">No tenemos forma de evitar que los seres humanos mueran, aunque s\u00ed podemos evaluar lo que cada uno deja a su paso por la tierra. Hay seres que desde temprano asumen riesgos y compromisos, que, incluso, los exponen a pagarlos con sus vidas.  Esos seres tienen en esencia vocaci\u00f3n renovadora. Son visionarios, siempre est\u00e1n en mejor posici\u00f3n cuando sienten que sirven a los dem\u00e1s y no cuando reciben.<\/span><\/p>\n<\/p>\n<p><span class=\"text1noticias\">Don Manuel de Ov\u00edn Filpo fue uno de esos seres excepcionales que pasan por la vida y pisan la tierra abonando con sus huellas el camino. Nacido en Espa\u00f1a, en 1927, pero radicado en la Rep\u00fablica Dominicana desde 1954. Marcado por los acontecimientos que hab\u00edan acontecido en Europa, y que cambiaron el mapa de aquella regi\u00f3n, y siendo un actor directo pese a su juventud, lleg\u00f3 al pa\u00eds y qued\u00f3 involucrado en los hechos del 30 de mayo que pusieron fin a la dictadura.  <\/span><\/p>\n<\/p>\n<p><span class=\"text1noticias\">De Ov\u00edn Filpo fue un trabajador incansable, promotor constante de nuevas ideas para mejorar la situaci\u00f3n de la producci\u00f3n nacional y la vida del pa\u00eds. Dirigi\u00f3 el Consejo Estatal del Az\u00facar (CEA) y varios ingenios estatales y privados. Fue un renovador de la industria azucarera, y del sector agr\u00edcola desde el Instituto Agrario Dominicano (IAD) y desde el Banco Agr\u00edcola, instituciones que tambi\u00e9n tuvo la oportunidad de dirigir.<\/span><\/p>\n<\/p>\n<p><span class=\"text1noticias\">Don Manuel ha muerto y el pa\u00eds ha perdido a un gran servidor, a un h\u00e9roe de la vida nacional. Y nosotros, en El Nuevo Diario, hemos perdido a un miembro del Consejo de Directores, y a un buen amigo, a los 83 a\u00f1os de edad.<\/span><\/p>\n<\/p>\n<p><span class=\"text1noticias\">Su alma descansar\u00e1 en paz, y su viuda, do\u00f1a Milagros Castillo,  y sus hijos Manuel Francisco, Mar\u00eda De Las Nieves y Jos\u00e9 Antonio De Ov\u00edn Castillo, quedar\u00e1n con la honra de su progenitor.<\/span><\/p>\n<p><span class=\"text1noticias\"> <\/span><\/p>\n<h6> 2010-08-29 16:37:53 <\/h6>\n<p><!--\n<link rel=\"stylesheet\" href=\"css\/bootstrap.min.css\">\n\n\n<ul class=\"pagination\">\n\t    \n\t\n\n<li >\n\t<a href='?page_no=210'>Previous<\/a>\n\t<\/li>\n\n\n       \n    \n\n<li><a href='?page_no=1'>1<\/a><\/li>\n\n\n\n<li><a href='?page_no=2'>2<\/a><\/li>\n\n\n\n<li><a>...<\/a><\/li>\n\n\n\n<li><a href='?page_no=209'>209<\/a><\/li>\n\n\n\n<li><a href='?page_no=210'>210<\/a><\/li>\n\n\n\n<li class='active'><a>211<\/a><\/li>\n\n\n\n<li><a href='?page_no=212'>212<\/a><\/li>\n\n\n\n<li><a href='?page_no=213'>213<\/a><\/li>\n\n\n\n<li><a>...<\/a><\/li>\n\n\n\n<li><a href='?page_no=242'>242<\/a><\/li>\n\n\n\n<li><a href='?page_no=243'>243<\/a><\/li>\n\n    \n\t\n\n<li >\n\t<a href='?page_no=212'>Next<\/a>\n\t<\/li>\n\n\n    \n\n<li><a href='?page_no=243'>Last &rsaquo;&rsaquo;<\/a><\/li>\n\n<\/ul>\n\n\n--><br \/>\n<\/body><\/p>\n","protected":false},"excerpt":{"rendered":"<p>Don Manuel de Ov\u00edn Filpo No tenemos forma de evitar que los seres humanos mueran, aunque s\u00ed podemos evaluar lo que cada uno deja a su paso por la tierra. Hay seres que desde temprano asumen riesgos y compromisos, que, incluso, los exponen a pagarlos con sus vidas. Esos seres tienen en esencia vocaci\u00f3n renovadora. [&hellip;]<\/p>\n","protected":false},"author":3,"featured_media":0,"comment_status":"open","ping_status":"open","sticky":false,"template":"","format":"standard","meta":{"footnotes":""},"categories":[1],"tags":[],"class_list":["post-33761","post","type-post","status-publish","format-standard","hentry","category-editorial"],"_links":{"self":[{"href":"https:\/\/diariodominicano.com\/index.php?rest_route=\/wp\/v2\/posts\/33761","targetHints":{"allow":["GET"]}}],"collection":[{"href":"https:\/\/diariodominicano.com\/index.php?rest_route=\/wp\/v2\/posts"}],"about":[{"href":"https:\/\/diariodominicano.com\/index.php?rest_route=\/wp\/v2\/types\/post"}],"author":[{"embeddable":true,"href":"https:\/\/diariodominicano.com\/index.php?rest_route=\/wp\/v2\/users\/3"}],"replies":[{"embeddable":true,"href":"https:\/\/diariodominicano.com\/index.php?rest_route=%2Fwp%2Fv2%2Fcomments&post=33761"}],"version-history":[{"count":0,"href":"https:\/\/diariodominicano.com\/index.php?rest_route=\/wp\/v2\/posts\/33761\/revisions"}],"wp:attachment":[{"href":"https:\/\/diariodominicano.com\/index.php?rest_route=%2Fwp%2Fv2%2Fmedia&parent=33761"}],"wp:term":[{"taxonomy":"category","embeddable":true,"href":"https:\/\/diariodominicano.com\/index.php?rest_route=%2Fwp%2Fv2%2Fcategories&post=33761"},{"taxonomy":"post_tag","embeddable":true,"href":"https:\/\/diariodominicano.com\/index.php?rest_route=%2Fwp%2Fv2%2Ftags&post=33761"}],"curies":[{"name":"wp","href":"https:\/\/api.w.org\/{rel}","templated":true}]}}