{"id":33758,"date":"2010-09-12T17:31:04","date_gmt":"2010-09-12T17:31:04","guid":{"rendered":"http:\/\/diariodominicano.ddns.net\/?p=33758"},"modified":"2010-09-12T17:31:04","modified_gmt":"2010-09-12T17:31:04","slug":"juan-francisco-santamaria","status":"publish","type":"post","link":"https:\/\/diariodominicano.com\/?p=33758","title":{"rendered":"Juan Francisco Santamar\u00eda"},"content":{"rendered":"<p><body><\/p>\n<p><strong><span class=\"text1noticias\">Juan Francisco Santamar\u00eda<\/span><\/strong><\/p>\n<\/p>\n<p><span class=\"text1noticias\">Fue integrante  de una generaci\u00f3n que naci\u00f3 en el tiempo de la intolerancia  extrema. Su familia la sufri\u00f3 de manera directa.  Nunca olvid\u00f3 el  tiempo de la \u00faltima fase de la dictadura de Rafael Le\u00f3nidas Trujillo Molina.<\/span><\/p>\n<p><span class=\"text1noticias\"> Su mente  no pudo colocar en el olvido la violencia que desat\u00f3 el r\u00e9gimen cuando se convenci\u00f3 no pod\u00eda someter a su voluntad al pueblo dominicano. De ni\u00f1o supo que nadie tiene capacidad para imponer el miedo a todos los hombres y mujeres que forman la sociedad dominicana.<\/span><\/p>\n<p><span class=\"text1noticias\">Las circunstancias llevaron  a Juan Francisco Santamar\u00eda a la pol\u00edtica, pues temprano aprendi\u00f3 que la pol\u00edtica es un medio para servir al pueblo, para transformar, para fortalecer y crear nuevas instituciones. Para instaurar la democracia garante de los derechos humanos. Con su cara expresiva y alegre,  dec\u00eda lo que pensaba. Fue respetuoso de las ideas ajenas y el disenso lo  apreciaba como la manifestaci\u00f3n  viva de la vida democr\u00e1tica.<\/span><\/p>\n<p><span class=\"text1noticias\">Sus adversarios y adversarias pol\u00edticas lo recordar\u00e1n como un hombre que defendi\u00f3 los derechos humanos y un luchador por las transformaciones que requiere la sociedad dominicana. Apoy\u00f3 con entusiasmo la consulta popular que alumbr\u00f3 la nueva  Constituci\u00f3n que aprob\u00f3 la Asamblea Revisora,  promulgada  el 26 de enero el presidente Leonel Fern\u00e1ndez. Es una  carta sustantiva que se fundamenta en el respeto a la dignidad humana y en la indisoluble unidad de la Naci\u00f3n, patria com\u00fan de todos los dominicanos y dominicanas.  <\/span><\/p>\n<p><span class=\"text1noticias\">Juan Francisco Santamar\u00eda aprendi\u00f3 del profesor Juan Bosch que la pol\u00edtica tiene sentido humano si se usa como una herramienta  para servir a la colectividad nacional y alcanzar las transformaciones que permiten legarla mejorada a las nuevas generaciones. Su nombre figura en el conjunto de los hombres y mujeres que acompa\u00f1aron al profesor Juan Bosch en el acto de fundaci\u00f3n del Partido de la Liberaci\u00f3n Dominicana en 1973.<\/span><\/p>\n<p><span class=\"text1noticias\">Como ha destacado su  Partido, el  PLD, fue Secretario General de la Federaci\u00f3n de Estudiantes Dominicanos  (FED) en los tiempos de su vida estudiantil en el seno de la Universidad Aut\u00f3noma de Santo Domingo (UASD), en donde le correspondi\u00f3 la fundaci\u00f3n del Frente Estudiantil de Liberaci\u00f3n (FEL), brazo estudiantil del Partido de la Liberaci\u00f3n Dominicana al momento de fundarse  la organizaci\u00f3n pol\u00edtica.<\/span><\/p>\n<p><span class=\"text1noticias\">En la UASD curs\u00f3 la carrera de Ingenier\u00eda, pero al establecerse  en  Espa\u00f1a cambi\u00f3  de idea y curs\u00f3 la carrera  de Sociolog\u00eda.<\/span><\/p>\n<p><span class=\"text1noticias\">Complet\u00f3 sus estudios de sociolog\u00eda en la Universidad Complutense de Madrid,  y desde esa carrera realiz\u00f3 maestr\u00edas y especialidades en otras ramas de las ciencias sociales como la Pol\u00edtica.<\/span><\/p>\n<p><span class=\"text1noticias\">Completaba sus estudios superiores al tiempo que organizaba el Partido de la Liberaci\u00f3n Dominicana en  Europa: Espa\u00f1a, Francia, Italia, Alemania.<\/span><\/p>\n<p><span class=\"text1noticias\">Articulistas de los diarios nacionales y de los medios impresos del PLD, Vanguardia del Pueblo y Pol\u00edtica,  revista especializada en los temas pol\u00edticos y sociales, conferencistas, excelente expositor de ideas claras y precisas, as\u00ed como lector voraz. <\/span><\/p>\n<p><span class=\"text1noticias\">En el primer gobierno del PLD, 1996 , se desempe\u00f1\u00f3 como C\u00f3nsul General de Republica Dominicana en Madrid, estructura que modific\u00f3 totalmente haci\u00e9ndola una oficina de servicio a la comunidad dominicana residente en Espa\u00f1a.<\/span><\/p>\n<p><span class=\"text1noticias\">Opt\u00f3 por servir al Partido y al gobierno desde su pa\u00eds, por lo que, establecido el gobierno del PLD en 1997, se traslad\u00f3 a Republica Dominicana ocupando otras funciones p\u00fablicas.<\/span><\/p>\n<p><span class=\"text1noticias\">Al momento de fallecer era el coordinador del Centro de Gesti\u00f3n de la Presidencia de la de la Republica, con oficinas en el Palacio Nacional y rango de Secretario de Estado.<\/span><\/p>\n<p><span class=\"text1noticias\">Era un comprometido con la causa del Partido de la Liberaci\u00f3n Dominicana, lo que no fue obst\u00e1culo para mantener c\u00e1lidas relaciones con dirigentes del PRD y de los diferentes partidos de la izquierda de Republica Dominicana y de todo el mundo. Con su comportamiento reafirmaba su pensamiento democr\u00e1tico.<\/span><\/p>\n<p><span class=\"text1noticias\">Como vicesecretario de Relaciones Internacionales del PLD  lo represent\u00f3 en m\u00faltiples foros internacionales como las asambleas de la COPPPAL y  el  Foro de Sao Paulo, y otros encuentros de de los Partidos de pensamiento progresista en Latinoam\u00e9rica y el mundo.<\/span><\/p>\n<p><span class=\"text1noticias\">Vivi\u00f3 en Espa\u00f1a, Italia, y Estados Unidos, en donde cultiv\u00f3 relaciones con acad\u00e9micos y dirigentes pol\u00edticos progresistas<\/span><\/p>\n<p><span class=\"text1noticias\">Su padre fue asesinado por la tiran\u00eda Trujillista, hecho que marc\u00f3 su incursi\u00f3n en la actividad pol\u00edtica  al lado del Profesor Juan Bosch, a quien le sirvi\u00f3 como asistente personal.<\/span><\/p>\n<p><span class=\"text1noticias\">Amigo de todos, compa\u00f1ero siempre, ameno, fraterno, conversador siempre con el arte de la ense\u00f1anza.<\/span><\/p>\n<p><span class=\"text1noticias\">Con la muerte de Juan Francisco Santamar\u00eda termina la vida f\u00edsica  de  un hombre que practic\u00f3  el comportamiento democr\u00e1tico.  Nuestras condolencias para  su esposa Mar\u00eda Dolores Campesino (Lola), hoy viuda Santamar\u00eda y  sus   hijos.<\/span><\/p>\n<p><span class=\"text1noticias\">La Naci\u00f3n  ha sufrido una p\u00e9rdida sensible.<\/span><\/p>\n<\/p>\n<\/p>\n<h6> 2010-09-12 17:31:04 <\/h6>\n<p><!--\n<link rel=\"stylesheet\" href=\"css\/bootstrap.min.css\">\n\n\n<ul class=\"pagination\">\n\t    \n\t\n\n<li >\n\t<a href='?page_no=208'>Previous<\/a>\n\t<\/li>\n\n\n       \n    \n\n<li><a href='?page_no=1'>1<\/a><\/li>\n\n\n\n<li><a href='?page_no=2'>2<\/a><\/li>\n\n\n\n<li><a>...<\/a><\/li>\n\n\n\n<li><a href='?page_no=207'>207<\/a><\/li>\n\n\n\n<li><a href='?page_no=208'>208<\/a><\/li>\n\n\n\n<li class='active'><a>209<\/a><\/li>\n\n\n\n<li><a href='?page_no=210'>210<\/a><\/li>\n\n\n\n<li><a href='?page_no=211'>211<\/a><\/li>\n\n\n\n<li><a>...<\/a><\/li>\n\n\n\n<li><a href='?page_no=242'>242<\/a><\/li>\n\n\n\n<li><a href='?page_no=243'>243<\/a><\/li>\n\n    \n\t\n\n<li >\n\t<a href='?page_no=210'>Next<\/a>\n\t<\/li>\n\n\n    \n\n<li><a href='?page_no=243'>Last &rsaquo;&rsaquo;<\/a><\/li>\n\n<\/ul>\n\n\n--><br \/>\n<\/body><\/p>\n","protected":false},"excerpt":{"rendered":"<p>Juan Francisco Santamar\u00eda Fue integrante de una generaci\u00f3n que naci\u00f3 en el tiempo de la intolerancia extrema. Su familia la sufri\u00f3 de manera directa. Nunca olvid\u00f3 el tiempo de la \u00faltima fase de la dictadura de Rafael Le\u00f3nidas Trujillo Molina. Su mente no pudo colocar en el olvido la violencia que desat\u00f3 el r\u00e9gimen cuando [&hellip;]<\/p>\n","protected":false},"author":3,"featured_media":0,"comment_status":"open","ping_status":"open","sticky":false,"template":"","format":"standard","meta":{"footnotes":""},"categories":[1],"tags":[],"class_list":["post-33758","post","type-post","status-publish","format-standard","hentry","category-editorial"],"_links":{"self":[{"href":"https:\/\/diariodominicano.com\/index.php?rest_route=\/wp\/v2\/posts\/33758","targetHints":{"allow":["GET"]}}],"collection":[{"href":"https:\/\/diariodominicano.com\/index.php?rest_route=\/wp\/v2\/posts"}],"about":[{"href":"https:\/\/diariodominicano.com\/index.php?rest_route=\/wp\/v2\/types\/post"}],"author":[{"embeddable":true,"href":"https:\/\/diariodominicano.com\/index.php?rest_route=\/wp\/v2\/users\/3"}],"replies":[{"embeddable":true,"href":"https:\/\/diariodominicano.com\/index.php?rest_route=%2Fwp%2Fv2%2Fcomments&post=33758"}],"version-history":[{"count":0,"href":"https:\/\/diariodominicano.com\/index.php?rest_route=\/wp\/v2\/posts\/33758\/revisions"}],"wp:attachment":[{"href":"https:\/\/diariodominicano.com\/index.php?rest_route=%2Fwp%2Fv2%2Fmedia&parent=33758"}],"wp:term":[{"taxonomy":"category","embeddable":true,"href":"https:\/\/diariodominicano.com\/index.php?rest_route=%2Fwp%2Fv2%2Fcategories&post=33758"},{"taxonomy":"post_tag","embeddable":true,"href":"https:\/\/diariodominicano.com\/index.php?rest_route=%2Fwp%2Fv2%2Ftags&post=33758"}],"curies":[{"name":"wp","href":"https:\/\/api.w.org\/{rel}","templated":true}]}}