{"id":33757,"date":"2010-09-20T21:02:49","date_gmt":"2010-09-20T21:02:49","guid":{"rendered":"http:\/\/diariodominicano.ddns.net\/?p=33757"},"modified":"2010-09-20T21:02:49","modified_gmt":"2010-09-20T21:02:49","slug":"el-codigo-de-la-comunicacion","status":"publish","type":"post","link":"https:\/\/diariodominicano.com\/?p=33757","title":{"rendered":"El C\u00f3digo de la Comunicaci\u00f3n&#13;"},"content":{"rendered":"<p><body><\/p>\n<p><span class=\"text1noticias\">Los anteproyectos de Ley de Libre Expresi\u00f3n y Medios de Comunicaci\u00f3n,   Publicidad y Comunicaci\u00f3n Estatal, Ley General Audiovisual, Ley General de Publicidad, y la  propuesta de cambios  a la Ley de Libre Acceso a la Informaci\u00f3n fueron redactados luego de muchas  horas de trabajo  de los juristas y periodistas  que design\u00f3 el presidente Leonel Fern\u00e1ndez para que elaboraran lo que con la Ley del Indotel  y la Ley de Cine,  completar\u00eda el C\u00f3digo de Comunicaci\u00f3n del Pa\u00eds. <\/span><\/p>\n<\/p>\n<p><span class=\"text1noticias\">Dijo en Funglode, en  el panel Reforma y Actualizaci\u00f3n de la Legislaci\u00f3n de Medios de Comunicaci\u00f3n: Ley 6132 sobre Libertad de Expresi\u00f3n y Difusi\u00f3n del Pensamiento y Ley General de Libre Acceso a la Informaci\u00f3n P\u00fablica 200-04,  con las nuevas normativas el pa\u00eds va teniendo  un C\u00f3digo de las Comunicaciones. <\/span><\/p>\n<\/p>\n<p><span class=\"text1noticias\">El presidente Fern\u00e1ndez  exhort\u00f3  a los legisladores y legisladoras  para que organicen debates en sus pueblos  para que  los ciudadanos y ciudadanas conozcan el contenido de los anteproyectos y puedan expresar sus ideas. Se requiere  socializar  los contenidos. <\/span><\/p>\n<\/p>\n<p><span class=\"text1noticias\">En el anteproyecto  de Ley de Libre Expresi\u00f3n consideran  las libertades de opini\u00f3n, expresi\u00f3n, investigaci\u00f3n e informaci\u00f3n son base de la comunicaci\u00f3n social, que tiene el compromiso de promoci\u00f3n de los valores de la convivencia social, del pluralismo y de los principios \u00e9ticos y morales, en consonancia con la Declaraci\u00f3n Universal de los Derechos Humanos, del 10 de diciembre de 1948, el Pacto Internacional de Derechos Civiles y Pol\u00edticos, del 16 de diciembre de 1966, la Convenci\u00f3n Americana sobre Derechos Humanos, del 22 de noviembre de 1969, y dem\u00e1s instrumentos internacionales de derechos humanos, suscritos y ratificados por la R D. Consideran  la Ley n\u00famero 6132, sobre Expresi\u00f3n y Difusi\u00f3n del Pensamiento, del 15 de diciembre de 1962, ha quedado ostensiblemente rezagada en muchas de sus disposiciones ante la multiplicidad y el progreso tecnol\u00f3gico de los medios masivos, adoleciendo de obsolescencia o innecesarias regulaciones, mientras omite previsiones imperiosas para una dimensi\u00f3n superior del derecho de expresar ideas, difundirlas, opinar e informar libremente, dentro de razonables principios \u00e9ticos y morales.<\/span><\/p>\n<\/p>\n<p><span class=\"text1noticias\"> La  Constituci\u00f3n  promulgada el 26 de enero  se fundamenta en el respeto a la dignidad humana y en la indisoluble unidad de la Naci\u00f3n. <\/span><\/p>\n<\/p>\n<p><span class=\"text1noticias\"> En 1997, el jurista  Jottin Cury escribi\u00f3: \u00abSe impone una legislaci\u00f3n m\u00e1s cuidadosa y selectiva sobre la libertad de expresi\u00f3n y difusi\u00f3n del pensamiento, porque la sociedad dominicana quiere y merece tranquilidad, seguridad, convivencia civilizada\u00bb. <\/span><\/p>\n<\/p>\n<p><span class=\"text1noticias\">La Rep\u00fablica Dominicana requiere una Ley  de Libre Expresi\u00f3n y Medios de Comunicaci\u00f3n que se corresponda con la nueva Constituci\u00f3n. Tenemos la oportunidad de fortalecer el derecho a la expresi\u00f3n. Adelante.<\/span><\/p>\n<\/p>\n<\/p>\n<h6> 2010-09-20 21:02:49 <\/h6>\n<p><!--\n<link rel=\"stylesheet\" href=\"css\/bootstrap.min.css\">\n\n\n<ul class=\"pagination\">\n\t    \n\t\n\n<li >\n\t<a href='?page_no=207'>Previous<\/a>\n\t<\/li>\n\n\n       \n    \n\n<li><a href='?page_no=1'>1<\/a><\/li>\n\n\n\n<li><a href='?page_no=2'>2<\/a><\/li>\n\n\n\n<li><a>...<\/a><\/li>\n\n\n\n<li><a href='?page_no=206'>206<\/a><\/li>\n\n\n\n<li><a href='?page_no=207'>207<\/a><\/li>\n\n\n\n<li class='active'><a>208<\/a><\/li>\n\n\n\n<li><a href='?page_no=209'>209<\/a><\/li>\n\n\n\n<li><a href='?page_no=210'>210<\/a><\/li>\n\n\n\n<li><a>...<\/a><\/li>\n\n\n\n<li><a href='?page_no=242'>242<\/a><\/li>\n\n\n\n<li><a href='?page_no=243'>243<\/a><\/li>\n\n    \n\t\n\n<li >\n\t<a href='?page_no=209'>Next<\/a>\n\t<\/li>\n\n\n    \n\n<li><a href='?page_no=243'>Last &rsaquo;&rsaquo;<\/a><\/li>\n\n<\/ul>\n\n\n--><br \/>\n<\/body><\/p>\n","protected":false},"excerpt":{"rendered":"<p>Los anteproyectos de Ley de Libre Expresi\u00f3n y Medios de Comunicaci\u00f3n, Publicidad y Comunicaci\u00f3n Estatal, Ley General Audiovisual, Ley General de Publicidad, y la propuesta de cambios a la Ley de Libre Acceso a la Informaci\u00f3n fueron redactados luego de muchas horas de trabajo de los juristas y periodistas que design\u00f3 el presidente Leonel Fern\u00e1ndez [&hellip;]<\/p>\n","protected":false},"author":3,"featured_media":0,"comment_status":"open","ping_status":"open","sticky":false,"template":"","format":"standard","meta":{"footnotes":""},"categories":[1],"tags":[],"class_list":["post-33757","post","type-post","status-publish","format-standard","hentry","category-editorial"],"_links":{"self":[{"href":"https:\/\/diariodominicano.com\/index.php?rest_route=\/wp\/v2\/posts\/33757","targetHints":{"allow":["GET"]}}],"collection":[{"href":"https:\/\/diariodominicano.com\/index.php?rest_route=\/wp\/v2\/posts"}],"about":[{"href":"https:\/\/diariodominicano.com\/index.php?rest_route=\/wp\/v2\/types\/post"}],"author":[{"embeddable":true,"href":"https:\/\/diariodominicano.com\/index.php?rest_route=\/wp\/v2\/users\/3"}],"replies":[{"embeddable":true,"href":"https:\/\/diariodominicano.com\/index.php?rest_route=%2Fwp%2Fv2%2Fcomments&post=33757"}],"version-history":[{"count":0,"href":"https:\/\/diariodominicano.com\/index.php?rest_route=\/wp\/v2\/posts\/33757\/revisions"}],"wp:attachment":[{"href":"https:\/\/diariodominicano.com\/index.php?rest_route=%2Fwp%2Fv2%2Fmedia&parent=33757"}],"wp:term":[{"taxonomy":"category","embeddable":true,"href":"https:\/\/diariodominicano.com\/index.php?rest_route=%2Fwp%2Fv2%2Fcategories&post=33757"},{"taxonomy":"post_tag","embeddable":true,"href":"https:\/\/diariodominicano.com\/index.php?rest_route=%2Fwp%2Fv2%2Ftags&post=33757"}],"curies":[{"name":"wp","href":"https:\/\/api.w.org\/{rel}","templated":true}]}}