{"id":33755,"date":"2010-09-28T15:13:36","date_gmt":"2010-09-28T15:13:36","guid":{"rendered":"http:\/\/diariodominicano.ddns.net\/?p=33755"},"modified":"2010-09-28T15:13:36","modified_gmt":"2010-09-28T15:13:36","slug":"idecoop-aclara-cooperativa-san-miguel-fue-intervenida-por-presentar-anomalias-graves","status":"publish","type":"post","link":"https:\/\/diariodominicano.com\/?p=33755","title":{"rendered":"IDECOOP aclara Cooperativa San Miguel fue intervenida por presentar \u00abanomal\u00edas graves\u00bb"},"content":{"rendered":"<p><body><\/p>\n<p><img decoding=\"async\" src=\"http:\/\/10.0.0.82:8080\/img3\/IDECOOP1,GermanRobles.JPG\" \/>  <\/p>\n<p><span class=\"text1noticias\">Santo Domingo, RD, 28 Sept 2010.- Representantes del Instituto de Desarrollo y Cr\u00e9dito Cooperativo (IDECOOP) aclararon que la intervenci\u00f3n de la Cooperativa San Miguel se produjo tras detectar una serie de \u00abanomal\u00edas graves\u00bb, contrario a lo que dijeron el pasado jueves directivos, de la cooperativa, quienes acusaron al Presidente Administrador del IDECOOP, licenciado Pedro Corpor\u00e1n, de intervenirla por asuntos personales, Germ\u00e1n Robles, subadministrador de Asistencia T\u00e9cnica del IDECOOP, especific\u00f3 que la raz\u00f3n por la cual intervinieron la cooperativa San Miguel fue porque sus dirigentes se colocaban privilegios \u00abirritantes\u00bb.<\/span><\/p>\n<\/p>\n<p><span class=\"text1noticias\">\u00abLos dirigentes centrales se asignaron por encima de los 9 millones de pesos anuales solo en vi\u00e1tico y dietas, lo que ha provocado que dicha cooperativa se desplome en los \u00faltimos tres a\u00f1os\u00bb, explic\u00f3 Robles, al visitar El Gobierno de la Tarde, junto al Gerente de Relaciones Publicas del IDECOOP, Rafael Caminero y la directora administrativa, Sunelva Gonel. <\/span><\/p>\n<\/p>\n<p><span class=\"text1noticias\">Resalt\u00f3 que los est\u00e1ndares internacionales exigen un rendimiento de activos de por lo menos un 6 por ciento, y que la San Miguel en el 2009 no hab\u00eda llegado siquiera a un 1 por ciento, por lo que el IDECOOP deb\u00eda interceder r\u00e1pidamente para evitar que desapareciera.<\/span><\/p>\n<\/p>\n<p><span class=\"text1noticias\">\u00abLos problemas de la San Miguel no eran econ\u00f3micos, sino irregularidades de parte de los directivos en el manejo de los fondos que pudieron llevar ese organismo al colapso\u00bb, asinti\u00f3 Robles.<\/span><\/p>\n<\/p>\n<p><span class=\"text1noticias\">Dej\u00f3 claro que ninguno de los que formaban parte de la directiva de esa cooperativa est\u00e1n vigente en sus funciones, ya que con la intervenci\u00f3n realizada quien dirige la San Miguel es directamente el IDECOOP.<\/span><\/p>\n<\/p>\n<p><span class=\"text1noticias\">De su lado el Gerente de Relaciones Publicas, Rafael Caminero, dijo que nunca antes el IDECOOP hab\u00eda exhibido tantos logros en materia de unificaci\u00f3n del sector cooperativo, al se\u00f1alar que esa instituci\u00f3n ha renacido hasta posicionarse como un modelo en la Rep\u00fablica Dominicana.<\/span><\/p>\n<\/p>\n<h6> 2010-09-28 15:13:36 <\/h6>\n<p><!--\n<link rel=\"stylesheet\" href=\"css\/bootstrap.min.css\">\n\n\n<ul class=\"pagination\">\n\t    \n\t\n\n<li >\n\t<a href='?page_no=205'>Previous<\/a>\n\t<\/li>\n\n\n       \n    \n\n<li><a href='?page_no=1'>1<\/a><\/li>\n\n\n\n<li><a href='?page_no=2'>2<\/a><\/li>\n\n\n\n<li><a>...<\/a><\/li>\n\n\n\n<li><a href='?page_no=204'>204<\/a><\/li>\n\n\n\n<li><a href='?page_no=205'>205<\/a><\/li>\n\n\n\n<li class='active'><a>206<\/a><\/li>\n\n\n\n<li><a href='?page_no=207'>207<\/a><\/li>\n\n\n\n<li><a href='?page_no=208'>208<\/a><\/li>\n\n\n\n<li><a>...<\/a><\/li>\n\n\n\n<li><a href='?page_no=242'>242<\/a><\/li>\n\n\n\n<li><a href='?page_no=243'>243<\/a><\/li>\n\n    \n\t\n\n<li >\n\t<a href='?page_no=207'>Next<\/a>\n\t<\/li>\n\n\n    \n\n<li><a href='?page_no=243'>Last &rsaquo;&rsaquo;<\/a><\/li>\n\n<\/ul>\n\n\n--><br \/>\n<\/body><\/p>\n","protected":false},"excerpt":{"rendered":"<p>Santo Domingo, RD, 28 Sept 2010.- Representantes del Instituto de Desarrollo y Cr\u00e9dito Cooperativo (IDECOOP) aclararon que la intervenci\u00f3n de la Cooperativa San Miguel se produjo tras detectar una serie de \u00abanomal\u00edas graves\u00bb, contrario a lo que dijeron el pasado jueves directivos, de la cooperativa, quienes acusaron al Presidente Administrador del IDECOOP, licenciado Pedro Corpor\u00e1n, [&hellip;]<\/p>\n","protected":false},"author":3,"featured_media":0,"comment_status":"open","ping_status":"open","sticky":false,"template":"","format":"standard","meta":{"footnotes":""},"categories":[1],"tags":[],"class_list":["post-33755","post","type-post","status-publish","format-standard","hentry","category-editorial"],"_links":{"self":[{"href":"https:\/\/diariodominicano.com\/index.php?rest_route=\/wp\/v2\/posts\/33755","targetHints":{"allow":["GET"]}}],"collection":[{"href":"https:\/\/diariodominicano.com\/index.php?rest_route=\/wp\/v2\/posts"}],"about":[{"href":"https:\/\/diariodominicano.com\/index.php?rest_route=\/wp\/v2\/types\/post"}],"author":[{"embeddable":true,"href":"https:\/\/diariodominicano.com\/index.php?rest_route=\/wp\/v2\/users\/3"}],"replies":[{"embeddable":true,"href":"https:\/\/diariodominicano.com\/index.php?rest_route=%2Fwp%2Fv2%2Fcomments&post=33755"}],"version-history":[{"count":0,"href":"https:\/\/diariodominicano.com\/index.php?rest_route=\/wp\/v2\/posts\/33755\/revisions"}],"wp:attachment":[{"href":"https:\/\/diariodominicano.com\/index.php?rest_route=%2Fwp%2Fv2%2Fmedia&parent=33755"}],"wp:term":[{"taxonomy":"category","embeddable":true,"href":"https:\/\/diariodominicano.com\/index.php?rest_route=%2Fwp%2Fv2%2Fcategories&post=33755"},{"taxonomy":"post_tag","embeddable":true,"href":"https:\/\/diariodominicano.com\/index.php?rest_route=%2Fwp%2Fv2%2Ftags&post=33755"}],"curies":[{"name":"wp","href":"https:\/\/api.w.org\/{rel}","templated":true}]}}