{"id":33754,"date":"2010-10-01T04:00:36","date_gmt":"2010-10-01T04:00:36","guid":{"rendered":"http:\/\/diariodominicano.ddns.net\/?p=33754"},"modified":"2010-10-01T04:00:36","modified_gmt":"2010-10-01T04:00:36","slug":"condena-y-rechazo-a-los-golpistas-ecuatorianos","status":"publish","type":"post","link":"https:\/\/diariodominicano.com\/?p=33754","title":{"rendered":"&#13;Condena y rechazo a los golpistas ecuatorianos"},"content":{"rendered":"<p><body><\/p>\n<p><span class=\"text1noticias\">Condena y rechazo a los golpistas ecuatorianos<\/span><\/p>\n<\/p>\n<p><span class=\"text1noticias\">Gobiernos de toda Latinoam\u00e9rica y el resto del mundo han condenado el intento de golpe de estado contra el presidente Rafael Correa. Se expresan las voces de la dignidad para decir solidaridad a Ecuador. <\/span><\/p>\n<\/p>\n<p><span class=\"text1noticias\"> El presidente dominicano Leonel Fern\u00e1ndez ha ofrecido  todo su respaldo al gobierno constitucional  del presidente ecuatoriano, Rafael Correa, y rechaz\u00f3 la tentativa de sectores policiales de Ecuador  de desestabilizar el sistema democr\u00e1tico.<\/span><\/p>\n<\/p>\n<p><span class=\"text1noticias\">\u00abHay que respetar el Estado de Derecho y la legalidad del gobierno electo por el pueblo ecuatoriano y reafirmar el car\u00e1cter no deliberativo de los organismos castrenses y policiales\u00bb.<\/span><\/p>\n<\/p>\n<p><span class=\"text1noticias\">El presidente Fern\u00e1ndez tambi\u00e9n ha resaltado  que toda Am\u00e9rica Latina y el mundo rechazan la situaci\u00f3n que se ha presentado en Ecuador, la que no puede ser aceptada bajo ning\u00fan concepto por la comunidad internacional.<\/span><\/p>\n<\/p>\n<p><span class=\"text1noticias\">\u00abA estas alturas ning\u00fan Estado democr\u00e1tico respaldar\u00e1 una actitud como la asumida por las fuerzas policiales del Ecuador y el gobierno de la Rep\u00fablica Dominicana repudia categ\u00f3ricamente esta acci\u00f3n\u00bb.<\/span><\/p>\n<p><span class=\"text1noticias\"> Brasil expres\u00f3  su total apoyo y solidaridad al presidente de Ecuador, Rafael Correa, y a las instituciones democr\u00e1ticas de esa naci\u00f3n suramericana, que enfrenta la intentona golpista.<\/span><\/p>\n<\/p>\n<p><span class=\"text1noticias\">M\u00e9xico, Chile, Per\u00fa,  Colombia, Venezuela, Argentina, Paraguay y Cuba,  condenan el intento de golpe contra el Gobierno constitucional del presidente Rafael Correa.<\/span><\/p>\n<\/p>\n<p><span class=\"text1noticias\">El gobierno de la Rep\u00fablica de Cuba condena y manifiesta su m\u00e1s en\u00e9rgico rechazo a la  intentona  de golpe de Estado en Ecuador. <\/span><\/p>\n<\/p>\n<p><span class=\"text1noticias\">El rechazo es de todo el mundo, como lo manifest\u00f3 el Gobierno de Espa\u00f1a al expresar su repudio al intento por interrumpir el orden constitucional en Ecuador.  Como ha expresado el presidente dominicano Leonel Fern\u00e1ndez: \u00abA estas alturas ning\u00fan Estado democr\u00e1tico respaldar\u00e1 una actitud como la asumida por las fuerzas policiales del Ecuador. El Gobierno de la Rep\u00fablica Dominicana repudia categ\u00f3ricamente esta acci\u00f3n\u00bb.<\/span><\/p>\n<\/p>\n<p><span class=\"text1noticias\">Los golpistas de Ecuador recibir\u00e1n el desprecio de su pueblo y la comunidad internacional. Tienen que ser sancionados como manda el sistema de justicia ecuatoriano.<\/span><\/p>\n<\/p>\n<p><span class=\"text1noticias\">\u00a1Viva el estado de derecho!<\/span><\/p>\n<\/p>\n<\/p>\n<h6> 2010-10-01 04:00:36 <\/h6>\n<p><!--\n<link rel=\"stylesheet\" href=\"css\/bootstrap.min.css\">\n\n\n<ul class=\"pagination\">\n\t    \n\t\n\n<li >\n\t<a href='?page_no=204'>Previous<\/a>\n\t<\/li>\n\n\n       \n    \n\n<li><a href='?page_no=1'>1<\/a><\/li>\n\n\n\n<li><a href='?page_no=2'>2<\/a><\/li>\n\n\n\n<li><a>...<\/a><\/li>\n\n\n\n<li><a href='?page_no=203'>203<\/a><\/li>\n\n\n\n<li><a href='?page_no=204'>204<\/a><\/li>\n\n\n\n<li class='active'><a>205<\/a><\/li>\n\n\n\n<li><a href='?page_no=206'>206<\/a><\/li>\n\n\n\n<li><a href='?page_no=207'>207<\/a><\/li>\n\n\n\n<li><a>...<\/a><\/li>\n\n\n\n<li><a href='?page_no=242'>242<\/a><\/li>\n\n\n\n<li><a href='?page_no=243'>243<\/a><\/li>\n\n    \n\t\n\n<li >\n\t<a href='?page_no=206'>Next<\/a>\n\t<\/li>\n\n\n    \n\n<li><a href='?page_no=243'>Last &rsaquo;&rsaquo;<\/a><\/li>\n\n<\/ul>\n\n\n--><br \/>\n<\/body><\/p>\n","protected":false},"excerpt":{"rendered":"<p>Condena y rechazo a los golpistas ecuatorianos Gobiernos de toda Latinoam\u00e9rica y el resto del mundo han condenado el intento de golpe de estado contra el presidente Rafael Correa. Se expresan las voces de la dignidad para decir solidaridad a Ecuador. El presidente dominicano Leonel Fern\u00e1ndez ha ofrecido todo su respaldo al gobierno constitucional del [&hellip;]<\/p>\n","protected":false},"author":3,"featured_media":0,"comment_status":"open","ping_status":"open","sticky":false,"template":"","format":"standard","meta":{"footnotes":""},"categories":[1],"tags":[],"class_list":["post-33754","post","type-post","status-publish","format-standard","hentry","category-editorial"],"_links":{"self":[{"href":"https:\/\/diariodominicano.com\/index.php?rest_route=\/wp\/v2\/posts\/33754","targetHints":{"allow":["GET"]}}],"collection":[{"href":"https:\/\/diariodominicano.com\/index.php?rest_route=\/wp\/v2\/posts"}],"about":[{"href":"https:\/\/diariodominicano.com\/index.php?rest_route=\/wp\/v2\/types\/post"}],"author":[{"embeddable":true,"href":"https:\/\/diariodominicano.com\/index.php?rest_route=\/wp\/v2\/users\/3"}],"replies":[{"embeddable":true,"href":"https:\/\/diariodominicano.com\/index.php?rest_route=%2Fwp%2Fv2%2Fcomments&post=33754"}],"version-history":[{"count":0,"href":"https:\/\/diariodominicano.com\/index.php?rest_route=\/wp\/v2\/posts\/33754\/revisions"}],"wp:attachment":[{"href":"https:\/\/diariodominicano.com\/index.php?rest_route=%2Fwp%2Fv2%2Fmedia&parent=33754"}],"wp:term":[{"taxonomy":"category","embeddable":true,"href":"https:\/\/diariodominicano.com\/index.php?rest_route=%2Fwp%2Fv2%2Fcategories&post=33754"},{"taxonomy":"post_tag","embeddable":true,"href":"https:\/\/diariodominicano.com\/index.php?rest_route=%2Fwp%2Fv2%2Ftags&post=33754"}],"curies":[{"name":"wp","href":"https:\/\/api.w.org\/{rel}","templated":true}]}}