{"id":33753,"date":"2010-10-17T17:03:29","date_gmt":"2010-10-17T17:03:29","guid":{"rendered":"http:\/\/diariodominicano.ddns.net\/?p=33753"},"modified":"2010-10-17T17:03:29","modified_gmt":"2010-10-17T17:03:29","slug":"el-reino-de-las-desigualdades-socioeconomicas-es-indigno","status":"publish","type":"post","link":"https:\/\/diariodominicano.com\/?p=33753","title":{"rendered":"El reino de las desigualdades  socioecon\u00f3micas es indigno"},"content":{"rendered":"<p><body><\/p>\n<p><span class=\"text1noticias\"> <\/span><\/p>\n<p><span class=\"text1noticias\"><strong> El reino de las desigualdades  socioecon\u00f3micas aumenta el hambre<\/strong><\/span><\/p>\n<\/p>\n<p><span class=\"text1noticias\">La noticia llena de pena e indignaci\u00f3n. Alrededor de 1.000 millones de personas sufren de hambre cr\u00f3nica en el mundo, equivalente al 16% de la poblaci\u00f3n, seg\u00fan ha informado la Organizaci\u00f3n de Naciones Unidas para la Alimentaci\u00f3n y la Agricultura (FAO), con motivo de la celebraci\u00f3n del D\u00eda Mundial de la Alimentaci\u00f3n, el s\u00e1bado.<\/span><\/p>\n<\/p>\n<p><span class=\"text1noticias\">El subdirector general del departamento forestal de la FAO, Eduardo Rojas, ha precisado que, seg\u00fan las \u00faltimas estimaciones, 925 millones de personas en todo el mundo pasan hambre, lo que supone el 16 por ciento de la poblaci\u00f3n mundial.<\/span><\/p>\n<\/p>\n<p><span class=\"text1noticias\">\u00abTenemos los recursos para acabar con el hambre y se necesita la voluntad pol\u00edtica\u00bb, declar\u00f3 Rojas, en un acto conjunto con la Agencia Espa\u00f1ola de Cooperaci\u00f3n Internacional al Desarrollo (Aecid) en la sede de este organismo.<\/span><\/p>\n<\/p>\n<p><span class=\"text1noticias\">Aunque se ha mejorado la cifra con respecto a 2009, cuando se sobrepas\u00f3 la cifra de 1.000 millones de personas que pasan hambre, Jacques Diouf, el director general del FAO, afirm\u00f3 a trav\u00e9s de un comunicado que estos datos suponen  \u00abun tr\u00e1gico logro en estos tiempos modernos\u00bb.<\/span><\/p>\n<\/p>\n<p><span class=\"text1noticias\">La poblaci\u00f3n mundial que sufre estas consecuencias se encuentra principalmente en pa\u00edses en v\u00edas de desarrollo, siendo la regi\u00f3n de Asia Pac\u00edfico la m\u00e1s castigada por esta lacra, con 578 millones de personas mal nutridas.<\/span><\/p>\n<\/p>\n<p><span class=\"text1noticias\">La directora de la Aecid, Elena Madrazo, ha recordado que la poblaci\u00f3n que m\u00e1s sufre este problema corresponde a los colectivos m\u00e1s d\u00e9biles ya que \u00aben algunos pa\u00edses, las mujeres renuncian a su raci\u00f3n de comida para d\u00e1rsela a otros miembros de la familia\u00bb.<\/span><\/p>\n<\/p>\n<p><span class=\"text1noticias\">La FAO,  de nuevo, ha puesto una campa\u00f1a en marcha que pretende conseguir firmas por todo el mundo para la erradicaci\u00f3n del hambre. Iniciada en mayo, la organizaci\u00f3n ya ha conseguido m\u00e1s de un mill\u00f3n de firmas, siendo el sur de Asia, la regi\u00f3n que m\u00e1s se ha implicado en la campa\u00f1a. La noticia del hambre en el mundo indigna. El reino de las desigualdades socioecon\u00f3micas impide ganar la batalla. Tiene que llegar el d\u00eda en que se imponga el respeto por la dignidad humana.  <\/span><\/p>\n<\/p>\n<p><span class=\"text1noticias\">La Am\u00e9rica Latina y el Caribe tambi\u00e9n sufren el impacto del hambre. Todo ser\u00e1 diferente cuando se hagan realidad las transformaciones que conviertan  la equidad una pr\u00e1ctica colectiva.<\/span><\/p>\n<\/p>\n<\/p>\n<h6> 2010-10-17 17:03:29 <\/h6>\n<p><!--\n<link rel=\"stylesheet\" href=\"css\/bootstrap.min.css\">\n\n\n<ul class=\"pagination\">\n\t    \n\t\n\n<li >\n\t<a href='?page_no=203'>Previous<\/a>\n\t<\/li>\n\n\n       \n    \n\n<li><a href='?page_no=1'>1<\/a><\/li>\n\n\n\n<li><a href='?page_no=2'>2<\/a><\/li>\n\n\n\n<li><a>...<\/a><\/li>\n\n\n\n<li><a href='?page_no=202'>202<\/a><\/li>\n\n\n\n<li><a href='?page_no=203'>203<\/a><\/li>\n\n\n\n<li class='active'><a>204<\/a><\/li>\n\n\n\n<li><a href='?page_no=205'>205<\/a><\/li>\n\n\n\n<li><a href='?page_no=206'>206<\/a><\/li>\n\n\n\n<li><a>...<\/a><\/li>\n\n\n\n<li><a href='?page_no=242'>242<\/a><\/li>\n\n\n\n<li><a href='?page_no=243'>243<\/a><\/li>\n\n    \n\t\n\n<li >\n\t<a href='?page_no=205'>Next<\/a>\n\t<\/li>\n\n\n    \n\n<li><a href='?page_no=243'>Last &rsaquo;&rsaquo;<\/a><\/li>\n\n<\/ul>\n\n\n--><br \/>\n<\/body><\/p>\n","protected":false},"excerpt":{"rendered":"<p>El reino de las desigualdades socioecon\u00f3micas aumenta el hambre La noticia llena de pena e indignaci\u00f3n. Alrededor de 1.000 millones de personas sufren de hambre cr\u00f3nica en el mundo, equivalente al 16% de la poblaci\u00f3n, seg\u00fan ha informado la Organizaci\u00f3n de Naciones Unidas para la Alimentaci\u00f3n y la Agricultura (FAO), con motivo de la celebraci\u00f3n [&hellip;]<\/p>\n","protected":false},"author":3,"featured_media":0,"comment_status":"open","ping_status":"open","sticky":false,"template":"","format":"standard","meta":{"footnotes":""},"categories":[1],"tags":[],"class_list":["post-33753","post","type-post","status-publish","format-standard","hentry","category-editorial"],"_links":{"self":[{"href":"https:\/\/diariodominicano.com\/index.php?rest_route=\/wp\/v2\/posts\/33753","targetHints":{"allow":["GET"]}}],"collection":[{"href":"https:\/\/diariodominicano.com\/index.php?rest_route=\/wp\/v2\/posts"}],"about":[{"href":"https:\/\/diariodominicano.com\/index.php?rest_route=\/wp\/v2\/types\/post"}],"author":[{"embeddable":true,"href":"https:\/\/diariodominicano.com\/index.php?rest_route=\/wp\/v2\/users\/3"}],"replies":[{"embeddable":true,"href":"https:\/\/diariodominicano.com\/index.php?rest_route=%2Fwp%2Fv2%2Fcomments&post=33753"}],"version-history":[{"count":0,"href":"https:\/\/diariodominicano.com\/index.php?rest_route=\/wp\/v2\/posts\/33753\/revisions"}],"wp:attachment":[{"href":"https:\/\/diariodominicano.com\/index.php?rest_route=%2Fwp%2Fv2%2Fmedia&parent=33753"}],"wp:term":[{"taxonomy":"category","embeddable":true,"href":"https:\/\/diariodominicano.com\/index.php?rest_route=%2Fwp%2Fv2%2Fcategories&post=33753"},{"taxonomy":"post_tag","embeddable":true,"href":"https:\/\/diariodominicano.com\/index.php?rest_route=%2Fwp%2Fv2%2Ftags&post=33753"}],"curies":[{"name":"wp","href":"https:\/\/api.w.org\/{rel}","templated":true}]}}