{"id":33752,"date":"2010-10-24T05:52:12","date_gmt":"2010-10-24T05:52:12","guid":{"rendered":"http:\/\/diariodominicano.ddns.net\/?p=33752"},"modified":"2010-10-24T05:52:12","modified_gmt":"2010-10-24T05:52:12","slug":"bien-por-ti-tus-valores-hacen-un-mejor-pais","status":"publish","type":"post","link":"https:\/\/diariodominicano.com\/?p=33752","title":{"rendered":"\u00ab\u00a1Bien por ti, tus valores hacen un mejor pa\u00eds!\u00bb"},"content":{"rendered":"<p><body><\/p>\n<p><span class=\"text1noticias\"> \u00ab\u00a1Bien por ti, tus valores hacen un mejor pa\u00eds!\u00bb<\/span><\/p>\n<\/p>\n<p><span class=\"text1noticias\">La  Campa\u00f1a Nacional por una Sociedad en Valores  \u00ab\u00a1Bien por ti!, tus valores hacen un mejor pa\u00eds\u00bb, lanzada  por el Despacho de la Primera Dama, merece el  apoyo de los distintos sectores de la sociedad dominicana.  En el acto en el Palacio Nacional, encabezado por el presidente Leonel Fern\u00e1ndez, la doctora Margarita Cede\u00f1o de Fern\u00e1ndez refiri\u00f3  que los valores que caracterizan al Pa\u00eds son  vencidos por el desorden, la violencia, la impunidad, el af\u00e1n desmedido de lucro, el crimen organizado y otras patolog\u00edas sociales que encuentran asilo en la pobreza, la inequidad y, sobre todo, en los falsos modelos de \u00e9xito. <\/span><\/p>\n<\/p>\n<p><span class=\"text1noticias\">La campa\u00f1a promover\u00e1 en todos los \u00e1mbitos y por los diferentes medios, una cultura de buen comportamiento e interacci\u00f3n en la poblaci\u00f3n, en el plano familiar, social, pol\u00edtico,  y econ\u00f3mico.  La Primera Dama resalt\u00f3 que enfocar\u00e1 13 valores: el de la  honestidad, la responsabilidad, solidaridad, esperanza, amor al pr\u00f3jimo, fe, justicia social, humildad, paz, integridad, tolerancia y respeto. La campa\u00f1a se inicia en el mes en curso con la promoci\u00f3n de  la honestidad, a trav\u00e9s de un mensaje que se transmitir\u00e1 por la radio y la televisi\u00f3n, as\u00ed como en parroquias, comunidades que pertenecen al Programa Progresando, que auspicia el Despacho de la Primera Dama, supermercados, escuelas, tiendas y otros lugares p\u00fablicos. De esa manera se   trabajar\u00e1  un valor  cada mes, a trav\u00e9s de los medios de comunicaci\u00f3n, el arte, la cultura, los deportes, la lectura, la formaci\u00f3n humana, actividades recreativas, competencias y concursos desde cada una de las instituciones gubernamentales, las escuelas y colegios  y los hogares en procura de  incidir en el sistema educativo para lograr la formaci\u00f3n en valores de ni\u00f1os, ni\u00f1as, y adolescentes. <\/span><\/p>\n<\/p>\n<p><span class=\"text1noticias\">Promover\u00e1  la educaci\u00f3n en valores a trav\u00e9s de las  iglesias cat\u00f3licas y todas las otras denominaciones cristianas, organizaciones y movimientos sociales, sindicatos, universidades, y Organizaciones No Gubernamentales. La aspiraci\u00f3n es que participe la colectividad nacional en todas las formas en que est\u00e1 organizada. El gran objetivo  es logar la participaci\u00f3n de todos los sectores de la vida nacional. Como dijo Eugenio Mar\u00eda de Hostos: ?Porque lo que la sociedad humana quiere y requiere  de sus miembros es que coadyuven al orden social, y para eso hay que cumplir con su deber; y para que el cumplimiento del deber sea general, hay que hacer del deber una causa y origen de felicidad?. <\/span><\/p>\n<\/p>\n<p><span class=\"text1noticias\">La campa\u00f1a que  ha inaugurado  el Despacho de la Primera Dama ense\u00f1a el camino que permitir\u00e1 alcanzar la meta. Con una sociedad sustentada en valores  veremos la honestidad, la equidad y la inclusi\u00f3n  como pr\u00e1cticas  habituales.  <\/span><\/p>\n<\/p>\n<p><span class=\"text1noticias\">\u00a1Adelante!<\/span><\/p>\n<\/p>\n<h6> 2010-10-24 05:52:12 <\/h6>\n<p><!--\n<link rel=\"stylesheet\" href=\"css\/bootstrap.min.css\">\n\n\n<ul class=\"pagination\">\n\t    \n\t\n\n<li >\n\t<a href='?page_no=202'>Previous<\/a>\n\t<\/li>\n\n\n       \n    \n\n<li><a href='?page_no=1'>1<\/a><\/li>\n\n\n\n<li><a href='?page_no=2'>2<\/a><\/li>\n\n\n\n<li><a>...<\/a><\/li>\n\n\n\n<li><a href='?page_no=201'>201<\/a><\/li>\n\n\n\n<li><a href='?page_no=202'>202<\/a><\/li>\n\n\n\n<li class='active'><a>203<\/a><\/li>\n\n\n\n<li><a href='?page_no=204'>204<\/a><\/li>\n\n\n\n<li><a href='?page_no=205'>205<\/a><\/li>\n\n\n\n<li><a>...<\/a><\/li>\n\n\n\n<li><a href='?page_no=242'>242<\/a><\/li>\n\n\n\n<li><a href='?page_no=243'>243<\/a><\/li>\n\n    \n\t\n\n<li >\n\t<a href='?page_no=204'>Next<\/a>\n\t<\/li>\n\n\n    \n\n<li><a href='?page_no=243'>Last &rsaquo;&rsaquo;<\/a><\/li>\n\n<\/ul>\n\n\n--><br \/>\n<\/body><\/p>\n","protected":false},"excerpt":{"rendered":"<p>\u00ab\u00a1Bien por ti, tus valores hacen un mejor pa\u00eds!\u00bb La Campa\u00f1a Nacional por una Sociedad en Valores \u00ab\u00a1Bien por ti!, tus valores hacen un mejor pa\u00eds\u00bb, lanzada por el Despacho de la Primera Dama, merece el apoyo de los distintos sectores de la sociedad dominicana. En el acto en el Palacio Nacional, encabezado por el [&hellip;]<\/p>\n","protected":false},"author":3,"featured_media":0,"comment_status":"open","ping_status":"open","sticky":false,"template":"","format":"standard","meta":{"footnotes":""},"categories":[1],"tags":[],"class_list":["post-33752","post","type-post","status-publish","format-standard","hentry","category-editorial"],"_links":{"self":[{"href":"https:\/\/diariodominicano.com\/index.php?rest_route=\/wp\/v2\/posts\/33752","targetHints":{"allow":["GET"]}}],"collection":[{"href":"https:\/\/diariodominicano.com\/index.php?rest_route=\/wp\/v2\/posts"}],"about":[{"href":"https:\/\/diariodominicano.com\/index.php?rest_route=\/wp\/v2\/types\/post"}],"author":[{"embeddable":true,"href":"https:\/\/diariodominicano.com\/index.php?rest_route=\/wp\/v2\/users\/3"}],"replies":[{"embeddable":true,"href":"https:\/\/diariodominicano.com\/index.php?rest_route=%2Fwp%2Fv2%2Fcomments&post=33752"}],"version-history":[{"count":0,"href":"https:\/\/diariodominicano.com\/index.php?rest_route=\/wp\/v2\/posts\/33752\/revisions"}],"wp:attachment":[{"href":"https:\/\/diariodominicano.com\/index.php?rest_route=%2Fwp%2Fv2%2Fmedia&parent=33752"}],"wp:term":[{"taxonomy":"category","embeddable":true,"href":"https:\/\/diariodominicano.com\/index.php?rest_route=%2Fwp%2Fv2%2Fcategories&post=33752"},{"taxonomy":"post_tag","embeddable":true,"href":"https:\/\/diariodominicano.com\/index.php?rest_route=%2Fwp%2Fv2%2Ftags&post=33752"}],"curies":[{"name":"wp","href":"https:\/\/api.w.org\/{rel}","templated":true}]}}