{"id":33750,"date":"2010-11-28T17:00:48","date_gmt":"2010-11-28T17:00:48","guid":{"rendered":"http:\/\/diariodominicano.ddns.net\/?p=33750"},"modified":"2010-11-28T17:00:48","modified_gmt":"2010-11-28T17:00:48","slug":"igualdad-si-discriminacion-no","status":"publish","type":"post","link":"https:\/\/diariodominicano.com\/?p=33750","title":{"rendered":"&#13; &#13;Igualdad s\u00ed, discriminaci\u00f3n No&#8230;&#13;"},"content":{"rendered":"<p><body><\/p>\n<p><strong><span class=\"text1noticias\">Igualdad s\u00ed, discriminaci\u00f3n No&#8230;<\/span><\/strong><\/p>\n<\/p>\n<p><span class=\"text1noticias\">La reforma constitucional  obliga a vencer  prejuicios para eliminar distintas formas de discriminaci\u00f3n en la sociedad dominicana. Verbigracia, garantiza los derechos de la mujer, los discapacitados y las personas de la tercera edad.  Conforme la ley, en el pa\u00eds hay igualdad jur\u00eddica para la mujer y el hombre, pero cada cierto tiempo conocemos historias de violaciones. Los discapacitados han sufrido discriminaci\u00f3n hasta en el r\u00e9gimen contributivo de salud. <\/span><\/p>\n<\/p>\n<p><span class=\"text1noticias\">La reforma les garantiza los servicios de la seguridad social y el subsidio alimentario en caso de indigencia. Personas mayores de 45 a\u00f1os sufren discriminaci\u00f3n en el mercado de trabajo; son \u00abespecies\u00bb de excluidos y excluidas. La reforma establece el Estado debe promover las condiciones jur\u00eddicas  y administrativas para que la igualdad sea real y efectiva y adoptar\u00e1 medidas para prevenir y combatir la discriminaci\u00f3n, la marginalidad, la vulnerabilidad y la exclusi\u00f3n;  \u00abLa mujer y el hombre son iguales ante la ley. <\/span><\/p>\n<\/p>\n<p><span class=\"text1noticias\">Se Proh\u00edbe cualquier acto que tenga como objetivo  o resultado menoscabar o anular el reconocimiento, goce  o ejercicio en condiciones de igualdad de los derechos fundamentales de mujeres y hombres. Se promover\u00e1n las medidas necesarias  para garantizar la erradicaci\u00f3n de las desigualdades  y la discriminaci\u00f3n de g\u00e9nero\u00bb.  Obliga al Estado a promover y garantizar la participaci\u00f3n equilibrada de mujeres y hombres en las candidaturas a los cargos de elecci\u00f3n popular para las instancias  de direcci\u00f3n  y decisi\u00f3n en el \u00e1mbito p\u00fablico, en la administraci\u00f3n de justicia y en los organismos de control del Estado. Recuerda: \u00abTodas las personas nacen libres e iguales ante la ley.  \u00aby gozan de los mismos derechos, libertades y oportunidades, sin ninguna discriminaci\u00f3n  por razones de g\u00e9nero, color, edad, discapacidad, nacionalidad, v\u00ednculos familiares, lengua, religi\u00f3n, opini\u00f3n pol\u00edtica o filos\u00f3fica, condici\u00f3n social o personal?.  <\/span><\/p>\n<\/p>\n<p><span class=\"text1noticias\">Los \u00abcr\u00edticos\u00bb reiteran: \u00abla reforma  no ha tra\u00eddo nada nuevo\u00bb, pero los  ciudadanos y ciudadanas aprecian  y disfrutan  la dimensi\u00f3n del rango constitucional. Los  voceros  deben dejar de hablar de o\u00eddo y leer el contenido de la reforma constitucional.  De lo contrario, los que se resisten a entender que la vida tiene sentido humano cuando concibe el mundo ideal  como el  que garantice la igualdad para todos y todas, se llevar\u00e1n sorpresas desagradables y ser\u00e1n merecedores del desprecio colectivo.<\/span><\/p>\n<\/p>\n<\/p>\n<\/p>\n<h6> 2010-11-28 17:00:48 <\/h6>\n<p><!--\n<link rel=\"stylesheet\" href=\"css\/bootstrap.min.css\">\n\n\n<ul class=\"pagination\">\n\t    \n\t\n\n<li >\n\t<a href='?page_no=200'>Previous<\/a>\n\t<\/li>\n\n\n       \n    \n\n<li><a href='?page_no=1'>1<\/a><\/li>\n\n\n\n<li><a href='?page_no=2'>2<\/a><\/li>\n\n\n\n<li><a>...<\/a><\/li>\n\n\n\n<li><a href='?page_no=199'>199<\/a><\/li>\n\n\n\n<li><a href='?page_no=200'>200<\/a><\/li>\n\n\n\n<li class='active'><a>201<\/a><\/li>\n\n\n\n<li><a href='?page_no=202'>202<\/a><\/li>\n\n\n\n<li><a href='?page_no=203'>203<\/a><\/li>\n\n\n\n<li><a>...<\/a><\/li>\n\n\n\n<li><a href='?page_no=242'>242<\/a><\/li>\n\n\n\n<li><a href='?page_no=243'>243<\/a><\/li>\n\n    \n\t\n\n<li >\n\t<a href='?page_no=202'>Next<\/a>\n\t<\/li>\n\n\n    \n\n<li><a href='?page_no=243'>Last &rsaquo;&rsaquo;<\/a><\/li>\n\n<\/ul>\n\n\n--><br \/>\n<\/body><\/p>\n","protected":false},"excerpt":{"rendered":"<p>Igualdad s\u00ed, discriminaci\u00f3n No&#8230; La reforma constitucional obliga a vencer prejuicios para eliminar distintas formas de discriminaci\u00f3n en la sociedad dominicana. Verbigracia, garantiza los derechos de la mujer, los discapacitados y las personas de la tercera edad. Conforme la ley, en el pa\u00eds hay igualdad jur\u00eddica para la mujer y el hombre, pero cada cierto [&hellip;]<\/p>\n","protected":false},"author":3,"featured_media":0,"comment_status":"open","ping_status":"open","sticky":false,"template":"","format":"standard","meta":{"footnotes":""},"categories":[1],"tags":[],"class_list":["post-33750","post","type-post","status-publish","format-standard","hentry","category-editorial"],"_links":{"self":[{"href":"https:\/\/diariodominicano.com\/index.php?rest_route=\/wp\/v2\/posts\/33750","targetHints":{"allow":["GET"]}}],"collection":[{"href":"https:\/\/diariodominicano.com\/index.php?rest_route=\/wp\/v2\/posts"}],"about":[{"href":"https:\/\/diariodominicano.com\/index.php?rest_route=\/wp\/v2\/types\/post"}],"author":[{"embeddable":true,"href":"https:\/\/diariodominicano.com\/index.php?rest_route=\/wp\/v2\/users\/3"}],"replies":[{"embeddable":true,"href":"https:\/\/diariodominicano.com\/index.php?rest_route=%2Fwp%2Fv2%2Fcomments&post=33750"}],"version-history":[{"count":0,"href":"https:\/\/diariodominicano.com\/index.php?rest_route=\/wp\/v2\/posts\/33750\/revisions"}],"wp:attachment":[{"href":"https:\/\/diariodominicano.com\/index.php?rest_route=%2Fwp%2Fv2%2Fmedia&parent=33750"}],"wp:term":[{"taxonomy":"category","embeddable":true,"href":"https:\/\/diariodominicano.com\/index.php?rest_route=%2Fwp%2Fv2%2Fcategories&post=33750"},{"taxonomy":"post_tag","embeddable":true,"href":"https:\/\/diariodominicano.com\/index.php?rest_route=%2Fwp%2Fv2%2Ftags&post=33750"}],"curies":[{"name":"wp","href":"https:\/\/api.w.org\/{rel}","templated":true}]}}