{"id":337403,"date":"2022-03-09T21:31:46","date_gmt":"2022-03-10T01:31:46","guid":{"rendered":"http:\/\/diariodominicano.com\/?p=337403"},"modified":"2022-03-09T21:31:46","modified_gmt":"2022-03-10T01:31:46","slug":"pn-apresa-en-horas-hombre-sustrajo-prendas-en-vivienda-y-golpeo-a-un-adulto-mayor-en-santiago","status":"publish","type":"post","link":"https:\/\/diariodominicano.com\/?p=337403","title":{"rendered":"PN apresa en horas hombre sustrajo prendas en vivienda y golpe\u00f3 a un adulto mayor en Santiago"},"content":{"rendered":"\n<figure class=\"wp-block-image size-full\"><img loading=\"lazy\" decoding=\"async\" width=\"144\" height=\"211\" src=\"https:\/\/diariodominicano.com\/wp-content\/uploads\/2022\/03\/robo209032022.png\" alt=\"\" class=\"wp-image-337408\"\/><\/figure>\n\n\n\n<p>La ventana rota.<\/p>\n\n\n\n<p><\/p>\n\n\n\n<figure class=\"wp-block-image size-full\"><img loading=\"lazy\" decoding=\"async\" width=\"174\" height=\"211\" src=\"https:\/\/diariodominicano.com\/wp-content\/uploads\/2022\/03\/robo090320223.png\" alt=\"\" class=\"wp-image-337409\"\/><figcaption>Parte de los bienes sustra\u00eddos.<\/figcaption><\/figure>\n\n\n\n<p><strong>Santiago de los Caballeros, R.D., 9 de marzo 2022.<\/strong>&#8211; La Polic\u00eda Nacional apres\u00f3 esta ma\u00f1ana a un hombre y recuper\u00f3 en su poder varios objetos que momentos antes hab\u00eda sustra\u00eddo de una vivienda, ubicada en la calle Salvador Cucurrullo, en la parte baja de la ciudad de Santiago.<\/p>\n\n\n\n<p>Se trata del nombrado Miguel C\u00e9spedes, de 32 a\u00f1os de edad, residente en el barrio La Mina, de la comunidad Hato del Yaque, quien para penetrar a la\u00a0\u00a0casa rompi\u00f3 una ventana y golpe\u00f3 al ciudadano Juan Rufino Pilarte Ulloa, emprendiendo la huida, inform\u00f3 en una nota de prensa la  Oficina de Informaci\u00f3n y Comunicaciones Estrat\u00e9gicas, Direcci\u00f3n Regional Cibao Central. <\/p>\n\n\n\n<p>Los agentes preventivos de la Polic\u00eda Nacional r\u00e1pidamente rastrearon todo el \u00e1rea donde se produjo el robo, dando con la localizaci\u00f3n del detenido en cuesti\u00f3n de horas.<\/p>\n\n\n\n<p>Al momento de su apresamiento,&nbsp;&nbsp;los miembros policiales le ocuparon siete perfumes, cinco relojes, tres cadenas, dos guillos, dos pulseras, entre otros objetos, por lo que ser\u00e1 sometido a la justicia.<\/p>\n\n\n\n<p>Oficina de Informaci\u00f3n y Comunicaciones Estrat\u00e9gicas, Direcci\u00f3n Regional Cibao Central.<\/p>\n","protected":false},"excerpt":{"rendered":"<p>La ventana rota. Santiago de los Caballeros, R.D., 9 de marzo 2022.&#8211; La Polic\u00eda Nacional apres\u00f3 esta ma\u00f1ana a un hombre y recuper\u00f3 en su poder varios objetos que momentos antes hab\u00eda sustra\u00eddo de una vivienda, ubicada en la calle Salvador Cucurrullo, en la parte baja de la ciudad de Santiago. Se trata del nombrado [&hellip;]<\/p>\n","protected":false},"author":28,"featured_media":337404,"comment_status":"closed","ping_status":"","sticky":true,"template":"","format":"standard","meta":{"footnotes":""},"categories":[29,27],"tags":[],"class_list":["post-337403","post","type-post","status-publish","format-standard","has-post-thumbnail","hentry","category-policiasucesos","category-portada"],"_links":{"self":[{"href":"https:\/\/diariodominicano.com\/index.php?rest_route=\/wp\/v2\/posts\/337403","targetHints":{"allow":["GET"]}}],"collection":[{"href":"https:\/\/diariodominicano.com\/index.php?rest_route=\/wp\/v2\/posts"}],"about":[{"href":"https:\/\/diariodominicano.com\/index.php?rest_route=\/wp\/v2\/types\/post"}],"author":[{"embeddable":true,"href":"https:\/\/diariodominicano.com\/index.php?rest_route=\/wp\/v2\/users\/28"}],"replies":[{"embeddable":true,"href":"https:\/\/diariodominicano.com\/index.php?rest_route=%2Fwp%2Fv2%2Fcomments&post=337403"}],"version-history":[{"count":1,"href":"https:\/\/diariodominicano.com\/index.php?rest_route=\/wp\/v2\/posts\/337403\/revisions"}],"predecessor-version":[{"id":337410,"href":"https:\/\/diariodominicano.com\/index.php?rest_route=\/wp\/v2\/posts\/337403\/revisions\/337410"}],"wp:featuredmedia":[{"embeddable":true,"href":"https:\/\/diariodominicano.com\/index.php?rest_route=\/wp\/v2\/media\/337404"}],"wp:attachment":[{"href":"https:\/\/diariodominicano.com\/index.php?rest_route=%2Fwp%2Fv2%2Fmedia&parent=337403"}],"wp:term":[{"taxonomy":"category","embeddable":true,"href":"https:\/\/diariodominicano.com\/index.php?rest_route=%2Fwp%2Fv2%2Fcategories&post=337403"},{"taxonomy":"post_tag","embeddable":true,"href":"https:\/\/diariodominicano.com\/index.php?rest_route=%2Fwp%2Fv2%2Ftags&post=337403"}],"curies":[{"name":"wp","href":"https:\/\/api.w.org\/{rel}","templated":true}]}}