{"id":337258,"date":"2022-03-09T09:07:54","date_gmt":"2022-03-09T13:07:54","guid":{"rendered":"http:\/\/diariodominicano.com\/?p=337258"},"modified":"2022-03-09T09:16:03","modified_gmt":"2022-03-09T13:16:03","slug":"encuentran-muerto-en-taxis-abandonado-presunto-delincuente-pn-persigue-individuos-hirieron-taxista","status":"publish","type":"post","link":"https:\/\/diariodominicano.com\/?p=337258","title":{"rendered":"Encuentran muerto en taxis abandonado presunto delincuente; PN persigue individuos hirieron taxista\u00a0"},"content":{"rendered":"\n<p> La Polic\u00eda Cient\u00edfica colect\u00f3 como evidencias dentro del veh\u00edculo, un destornillador trial, color negro con amarillo, un pie de tenis marca Nike, color rojo con blanco, cuatro casquillos 9mm y dos proyectiles del mismo calibre, adem\u00e1s de dos tel\u00e9fonos celulares.\u00a0 <\/p>\n\n\n\n<p><\/p>\n\n\n\n<figure class=\"wp-block-image size-full\"><img loading=\"lazy\" decoding=\"async\" width=\"320\" height=\"282\" src=\"https:\/\/diariodominicano.com\/wp-content\/uploads\/2022\/03\/taxi92.png\" alt=\"\" class=\"wp-image-337261\" srcset=\"https:\/\/diariodominicano.com\/wp-content\/uploads\/2022\/03\/taxi92.png 320w, https:\/\/diariodominicano.com\/wp-content\/uploads\/2022\/03\/taxi92-300x264.png 300w\" sizes=\"auto, (max-width: 320px) 100vw, 320px\" \/><\/figure>\n\n\n\n<p><\/p>\n\n\n\n<p><strong>Santiago de los Caballeros, R.D., 9 marzo 2022<\/strong>.-La Polic\u00eda Nacional activ\u00f3 la b\u00fasqueda de dos individuos, que junto a otro que result\u00f3 muerto anoche, causaron\u00a0herida de arma de fuego a un taxista, al producirse un forcejeo dentro de su veh\u00edculo, hecho ocurrido en el sector Altos de Rafey, de Ciudad Santiago, inform\u00f3  en un comunicado de prensa la Direcci\u00f3n Regional Cibao Central Polic\u00eda Nacional.<\/p>\n\n\n\n<p>El fallecido es&nbsp;<strong>Luis Jos\u00e9 Santana, apodado<\/strong>&nbsp;\u201cChupi\u201d, de 30 a\u00f1os de edad, quien resid\u00eda en el sector Pueblo Nuevo, el cual figura con dos registros por robo en los archivos policiales, en tanto que, el taxista herido es&nbsp;<strong>Manuel de Jes\u00fas Ferreira Almanzar<\/strong>, de 28 a\u00f1os, residente en Santiago, hospitalizado en un centro de salud de esta localidad.&nbsp;<\/p>\n\n\n\n<p>El cuerpo sin vida de Santana fue encontrado en la parte trasera del interior del veh\u00edculo del taxista, marca Kia, Modelo K5, placa A814249, abandonado en la calle Primera del sector Altos de Rafey, el cual presenta herida de proyectil de arma de fuego en hemitorax izquierdo, en tanto que, el taxista presenta herida de bala en el costado izquierdo y herida cortante en la espalda alta, seg\u00fan diagn\u00f3stico m\u00e9dico.&nbsp;<\/p>\n\n\n\n<p>El taxista fue socorrido cuando se present\u00f3 a una de las residencias cercanas pidiendo ayuda, desde donde se procedi\u00f3 a llamar al sistema de emergencia 9.1.1.&nbsp;&nbsp;<\/p>\n\n\n\n<p>La Polic\u00eda Cient\u00edfica colect\u00f3 como evidencias dentro del veh\u00edculo, un destornillador trial, color negro con amarillo, un pie de tenis marca Nike, color rojo con blanco, cuatro casquillos 9mm y dos proyectiles del mismo calibre, adem\u00e1s de dos tel\u00e9fonos celulares.&nbsp;<\/p>\n\n\n\n<p>Los investigadores exhortaron a los pr\u00f3fugos, uno de ellos ya identificado, a entregarse por la v\u00eda que consideren pertinentes, a fin de que respondan ante la justicia por el hecho cometido.\u00a0<\/p>\n\n\n\n<p>policia nacional<a target=\"_blank\" href=\"mailto:npolicia14@gmail.com\" rel=\"noreferrer noopener\">npolicia14@gmail.com<\/a><\/p>\n\n\n\n<p><strong>OFICINA DE INFORMACION Y COMUNICACIONES ESTRATEGICAS DE LA DIRECCION REGIONAL CIBAO CENTRAL, P.N.&nbsp;<\/strong><strong><\/strong><\/p>\n\n\n\n<figure class=\"wp-block-table\"><table><tbody><tr><td><img decoding=\"async\" src=\"https:\/\/ssl.gstatic.com\/ui\/v1\/icons\/mail\/no_photo.png\"><\/td><td>ResponderResponder a todosReenviar<\/td><\/tr><\/tbody><\/table><\/figure>\n","protected":false},"excerpt":{"rendered":"<p>La Polic\u00eda Cient\u00edfica colect\u00f3 como evidencias dentro del veh\u00edculo, un destornillador trial, color negro con amarillo, un pie de tenis marca Nike, color rojo con blanco, cuatro casquillos 9mm y dos proyectiles del mismo calibre, adem\u00e1s de dos tel\u00e9fonos celulares.\u00a0 Santiago de los Caballeros, R.D., 9 marzo 2022.-La Polic\u00eda Nacional activ\u00f3 la b\u00fasqueda de dos [&hellip;]<\/p>\n","protected":false},"author":28,"featured_media":337259,"comment_status":"closed","ping_status":"","sticky":true,"template":"","format":"standard","meta":{"footnotes":""},"categories":[29,27],"tags":[],"class_list":["post-337258","post","type-post","status-publish","format-standard","has-post-thumbnail","hentry","category-policiasucesos","category-portada"],"_links":{"self":[{"href":"https:\/\/diariodominicano.com\/index.php?rest_route=\/wp\/v2\/posts\/337258","targetHints":{"allow":["GET"]}}],"collection":[{"href":"https:\/\/diariodominicano.com\/index.php?rest_route=\/wp\/v2\/posts"}],"about":[{"href":"https:\/\/diariodominicano.com\/index.php?rest_route=\/wp\/v2\/types\/post"}],"author":[{"embeddable":true,"href":"https:\/\/diariodominicano.com\/index.php?rest_route=\/wp\/v2\/users\/28"}],"replies":[{"embeddable":true,"href":"https:\/\/diariodominicano.com\/index.php?rest_route=%2Fwp%2Fv2%2Fcomments&post=337258"}],"version-history":[{"count":3,"href":"https:\/\/diariodominicano.com\/index.php?rest_route=\/wp\/v2\/posts\/337258\/revisions"}],"predecessor-version":[{"id":337263,"href":"https:\/\/diariodominicano.com\/index.php?rest_route=\/wp\/v2\/posts\/337258\/revisions\/337263"}],"wp:featuredmedia":[{"embeddable":true,"href":"https:\/\/diariodominicano.com\/index.php?rest_route=\/wp\/v2\/media\/337259"}],"wp:attachment":[{"href":"https:\/\/diariodominicano.com\/index.php?rest_route=%2Fwp%2Fv2%2Fmedia&parent=337258"}],"wp:term":[{"taxonomy":"category","embeddable":true,"href":"https:\/\/diariodominicano.com\/index.php?rest_route=%2Fwp%2Fv2%2Fcategories&post=337258"},{"taxonomy":"post_tag","embeddable":true,"href":"https:\/\/diariodominicano.com\/index.php?rest_route=%2Fwp%2Fv2%2Ftags&post=337258"}],"curies":[{"name":"wp","href":"https:\/\/api.w.org\/{rel}","templated":true}]}}