{"id":336881,"date":"2022-03-07T22:54:19","date_gmt":"2022-03-08T02:54:19","guid":{"rendered":"http:\/\/diariodominicano.com\/?p=336881"},"modified":"2022-03-07T22:54:19","modified_gmt":"2022-03-08T02:54:19","slug":"garrochista-sueco-duplantis-quiebra-su-propio-record-mundial","status":"publish","type":"post","link":"https:\/\/diariodominicano.com\/?p=336881","title":{"rendered":"Garrochista sueco Duplantis quiebra su propio r\u00e9cord mundial"},"content":{"rendered":"\n<p>Belgrado, 7 mar (Prensa Latina) El garrochista sueco Armand Duplantis quebr\u00f3 hoy su propio r\u00e9cord mundial al superar el list\u00f3n ubicado a 6,19 metros en la reuni\u00f3n atl\u00e9tica de esta capital.<\/p>\n\n\n\n<ul class=\"wp-block-list\"><li>marzo 7, 2022<\/li><li>CST14:46 (GMT) -0500<\/li><\/ul>\n\n\n\n<p>Luego de varios intentos en las \u00faltimas semanas, Duplantis, campe\u00f3n de Europa y ol\u00edmpico, rompi\u00f3 un primado que se le resist\u00eda desde el 2020.<\/p>\n\n\n\n<p>Ya era hora, esta altura me ha provocado m\u00e1s problemas que ninguna otra en mi vida. Estoy orgulloso de haberla superado, afirm\u00f3.<\/p>\n\n\n\n<p>Tras superar con facilidad el list\u00f3n en 5,61 metros, 5,85 m. y seis pas\u00f3 a intentar los 6,19, registro que franque\u00f3 en su tercer intento, aunque la barra tembl\u00f3, pero sin llegar a caer.<\/p>\n\n\n\n<p>A los 22 a\u00f1os, el escandinavo sum\u00f3 su tercera cota del orbe despu\u00e9s de batirla por primera vez en febrero de 2020 en Torun (Polonia) con 6,18 metros y mejorarla a 6,19 una semana despu\u00e9s en Glasgow (Escocia), antes de que la pandemia de la Covid-19 paralizase las competiciones deportivas.<\/p>\n\n\n\n<p>El pr\u00f3ximo fin de semana regresar\u00e1 aqu\u00ed para competir en el Campeonato Mundial de pista cubierta y con la ambici\u00f3n de ganar un t\u00edtulo ausente en su palmar\u00e9s, junto al oro universal al aire libre que tendr\u00e1 la posibilidad de conquistar en julio pr\u00f3ximo en Eugene (Oreg\u00f3n), Estados Unidos.<\/p>\n\n\n\n<p>rgh\/am<\/p>\n","protected":false},"excerpt":{"rendered":"<p>Belgrado, 7 mar (Prensa Latina) El garrochista sueco Armand Duplantis quebr\u00f3 hoy su propio r\u00e9cord mundial al superar el list\u00f3n ubicado a 6,19 metros en la reuni\u00f3n atl\u00e9tica de esta capital. marzo 7, 2022 CST14:46 (GMT) -0500 Luego de varios intentos en las \u00faltimas semanas, Duplantis, campe\u00f3n de Europa y ol\u00edmpico, rompi\u00f3 un primado que [&hellip;]<\/p>\n","protected":false},"author":28,"featured_media":336882,"comment_status":"closed","ping_status":"","sticky":false,"template":"","format":"standard","meta":{"footnotes":""},"categories":[17],"tags":[],"class_list":["post-336881","post","type-post","status-publish","format-standard","has-post-thumbnail","hentry","category-deportes"],"_links":{"self":[{"href":"https:\/\/diariodominicano.com\/index.php?rest_route=\/wp\/v2\/posts\/336881","targetHints":{"allow":["GET"]}}],"collection":[{"href":"https:\/\/diariodominicano.com\/index.php?rest_route=\/wp\/v2\/posts"}],"about":[{"href":"https:\/\/diariodominicano.com\/index.php?rest_route=\/wp\/v2\/types\/post"}],"author":[{"embeddable":true,"href":"https:\/\/diariodominicano.com\/index.php?rest_route=\/wp\/v2\/users\/28"}],"replies":[{"embeddable":true,"href":"https:\/\/diariodominicano.com\/index.php?rest_route=%2Fwp%2Fv2%2Fcomments&post=336881"}],"version-history":[{"count":1,"href":"https:\/\/diariodominicano.com\/index.php?rest_route=\/wp\/v2\/posts\/336881\/revisions"}],"predecessor-version":[{"id":336883,"href":"https:\/\/diariodominicano.com\/index.php?rest_route=\/wp\/v2\/posts\/336881\/revisions\/336883"}],"wp:featuredmedia":[{"embeddable":true,"href":"https:\/\/diariodominicano.com\/index.php?rest_route=\/wp\/v2\/media\/336882"}],"wp:attachment":[{"href":"https:\/\/diariodominicano.com\/index.php?rest_route=%2Fwp%2Fv2%2Fmedia&parent=336881"}],"wp:term":[{"taxonomy":"category","embeddable":true,"href":"https:\/\/diariodominicano.com\/index.php?rest_route=%2Fwp%2Fv2%2Fcategories&post=336881"},{"taxonomy":"post_tag","embeddable":true,"href":"https:\/\/diariodominicano.com\/index.php?rest_route=%2Fwp%2Fv2%2Ftags&post=336881"}],"curies":[{"name":"wp","href":"https:\/\/api.w.org\/{rel}","templated":true}]}}