{"id":33631,"date":"2019-12-12T20:05:38","date_gmt":"2019-12-12T20:05:38","guid":{"rendered":"http:\/\/diariodominicano.ddns.net\/?p=33631"},"modified":"2019-12-12T20:05:38","modified_gmt":"2019-12-12T20:05:38","slug":"leonardo-boff-defensor-de-derechos-humanos","status":"publish","type":"post","link":"https:\/\/diariodominicano.com\/?p=33631","title":{"rendered":"Leonardo Boff, defensor de derechos humanos"},"content":{"rendered":"<p><body><\/p>\n<p><img decoding=\"async\" src=\"img3\/leonardo_boff_avec_les_mouvements_sociaux_au_fsm_2009_a_belem_de_para.jpg\" \/><br \/><img decoding=\"async\" src=\"img3\/Leonardo BOff foto Sergio Ferrari.jpg\" \/><br \/><img decoding=\"async\" src=\"img3\/Leonardo Boff foto Douglas Mansur.JPG\" \/>  <\/p>\n<p><strong>Diariodominicano.com<\/strong><\/p>\n<\/p>\n<p><strong>Con Douglas Mansur<\/strong><\/p>\n<p><strong> A la izquierda Douglas Mansur<\/strong><\/p>\n<\/p>\n<p><strong>\u00abLa agon\u00eda de una civilizaci\u00f3n tan globalizada como excluyente\u00bb<\/strong><\/p>\n<p><strong>* 40 a\u00f1os del Centro de Defensa de Derechos Humanos de Petr\u00f3polis<\/strong><\/p>\n<p><strong>* \u00abUn retorno al Brasil dictatorial\u00bb<\/strong><\/p>\n<p><strong> <\/strong><\/p>\n<p><strong> Leonardo Boff<\/strong><\/p>\n<\/p>\n<p><strong>Por Sergio Ferrari*<\/strong><\/p>\n<\/p>\n<p>Las se\u00f1ales que lanza la sociedad planetaria son preocupantes. \u00abEstamos en medio de una crisis fundamental, ingresando en una era de barbarie, donde los derechos esenciales se desvanecen\u00bb, reflexiona Leonardo Boff. Militante social, co-iniciador de la Teolog\u00eda de la Liberaci\u00f3n, uno de los impulsores de la Carta de la Tierra en el a\u00f1o 2000, premio Nobel alternativo en el 2001, Boff sintetiza las m\u00e1s variadas facetas de hombre de reflexi\u00f3n y acci\u00f3n.  Aportando en esta reflexi\u00f3n la impronta del defensor de derechos humanos, una de los m\u00e1s marcantes en su Brasil natal, aunque de las menos conocidas en el exterior. Entrevista exclusiva realizada a los 40 a\u00f1os del nacimiento del Centro de Defensa de los Derechos Humanos de Petr\u00f3polis, en el Estado de R\u00edo de Janeiro, que Boff contribuy\u00f3 a fundar en 1979 y del cual, en la actualidad, sigue siendo su presidente.<\/p>\n<\/p>\n<\/p>\n<p><strong>Pregunta: El Centro de Defensa de los Derechos Humanos de Petr\u00f3polis (CDDH) naci\u00f3 durante la \u00faltima dictadura brasilera. \u00bfQu\u00e9 significaba entonces, en concreto, defender los derechos esenciales de los brasileros?<\/strong><\/p>\n<\/p>\n<p><strong>Leonardo Boff:<\/strong> Naci\u00f3 como respuesta a la agresi\u00f3n sistem\u00e1tica de los derechos humanos de parte del gobierno militar, que consideraba como subversivos a todos los que eran opositores. En ese momento fue esencial la lucha por la democracia, ya que constitu\u00eda una reivindicaci\u00f3n esencial, prohibida por los militares. Sin embargo, desde el principio, tuvimos como lema \u00abServir a la vida\u00bb. Que expresaba el deseo de ir m\u00e1s all\u00e1 de una visi\u00f3n meramente jur\u00eddica de los derechos, poniendo en el centro la vida amenazada. Este Centro fue esencial en la ciudad de Petr\u00f3polis, donde todav\u00eda habito, que, dada su topograf\u00eda monta\u00f1osa, era escenario de continuos deslizamientos de tierras que provocaban numerosas v\u00edctimas. El CDDH ayud\u00f3 a mucha gente -con la cooperaci\u00f3n entre todos-, a reconstruir sus casas o hacerlas nuevas. Pens\u00e1bamos, ya entonces, en la vida como concepto integral, incorporando tambi\u00e9n la vida de la naturaleza. Desde el principio las luchas se centraron en la defensa de los derechos de los m\u00e1s pobres que viven en las periferias. Empezando por crear conciencia sobre sus derechos de tal forma que pudiesen ser protagonistas de sus propias reivindicaciones.<\/p>\n<\/p>\n<p><strong>P: Es decir, la defensa de los derechos humanos desde la perspectiva y la centralidad de los actores sociales marginados&#8230;<\/strong><\/p>\n<\/p>\n<p>LB: En efecto. En estos a\u00f1os se dio una intensa tarea de concientizaci\u00f3n y educaci\u00f3n sobre los derechos, siempre, insisto, en la perspectiva de los pobres. Era para nosotros claro que el primer derecho es a la vida y a los medios de subsistencia. Luego, los dem\u00e1s, como, los de expresi\u00f3n, de ciudadan\u00eda etc. Siempre con la preocupaci\u00f3n de crear comunidades, en las cuales los pobres pudieran discutir sus problemas y con nuestro apoyo, buscar ellos mismos soluciones viables. Como la ciudad de Petr\u00f3polis es pol\u00edtica y socialmente muy conservadora ? Ndr. fue la sede del Emperador Pedro II, de donde deriva su nombre- casi no exist\u00edan organizaciones comprometidas con la justicia social. Con encuentros y cursos sobre derechos sociales, logramos promover una visi\u00f3n liberadora m\u00e1s cr\u00edtica al sistema imperante. Priorizando desde siempre el trabajo con los j\u00f3venes.<\/p>\n<\/p>\n<p><strong>P: Nos podr\u00eda dar un ejemplo de alguno de los proyectos emblem\u00e1ticos&#8230;<\/strong><\/p>\n<\/p>\n<p>LB: Para m\u00ed el proyecto m\u00e1s significativo fue el que denominamos \u00abPan y Belleza\u00bb. Se aseguraba el alimento b\u00e1sico de cerca de 300 personas que viv\u00edan en la calle.<\/p>\n<p>Pod\u00edan llegar, ducharse, vestir ropas limpias &#8211; recogidas gracias a donaciones- y contar con una comida abundante y muy buena. Despu\u00e9s, por la tarde, era el momento de la belleza. Consist\u00eda en rescatar su identidad, empezando por el uso de sus nombres, ya que la gran mayor\u00eda solo ten\u00eda apodos. Se les apoyaba en mantener su salud; se alfabetiz\u00f3 a muchos; se socializaban testimonios; se compart\u00edan actividades culturales; y, si era posible, trat\u00e1bamos de proponerles un trabajo para promover su autonom\u00eda.<\/p>\n<\/p>\n<p><strong>Bolsonaro se aprovech\u00f3 de las debilidades del PT<\/strong><\/p>\n<\/p>\n<p><strong>P: 40 a\u00f1os despu\u00e9s, Brasil vuelve a vivir una realidad compleja e incierta, incluso de la perspectiva de la defensa de los derechos humanos. \u00bfC\u00f3mo analiza hoy, casi un a\u00f1o despu\u00e9s, la victoria de Jair Bolsonaro que reivindica, incluso, a la dictadura militar brasilera? \u00bfQu\u00e9 fall\u00f3 en la pedagog\u00eda popular como para facilitar este tropez\u00f3n hist\u00f3rico?<\/strong><\/p>\n<p><strong>LB: Es una pregunta muy complicada.<\/strong> Hay que comenzar analizando el hecho  que las oligarqu\u00edas dominantes nunca han aceptado que un hijo de la pobreza, sobreviviente del hambre, llegara a ser presidente. Esos grupos de poder solo toleraron a Lula siempre y cuando respetara sus mecanismos de acumulaci\u00f3n, la que desde siempre estuvo entre las m\u00e1s altas y concentrada del mundo. Lula, por su parte, en los a\u00f1os de Gobierno del Partido de los Trabajadores (PT), logr\u00f3 sacar de la miseria a cerca de 40 millones de personas. Implementando programas sociales como \u00abMi casa, mi vida\u00bb, que asegur\u00f3 a millones una vivienda digna, o \u00abLuz para todos\u00bb, que ilumin\u00f3 aun los rincones m\u00e1s alejados del pa\u00eds. Permiti\u00f3, adem\u00e1s, a j\u00f3venes negros y empobrecidos, realizar estudios, incluso universitarios. Sin embargo, hubo un problema estrat\u00e9gico del PT de negociar alianzas en el parlamento -donde era minor\u00eda- con partidos sin ninguna sensibilidad social. Y perdi\u00f3 una parte del contacto con las bases populares que hab\u00edan llevado a Lula al gobierno. Tambi\u00e9n hubo corrupci\u00f3n que contamin\u00f3 a miembros importante del equipo de Lula y de su sucesora Dilma Rousseff. Se les convirti\u00f3 en chivo expiatorio de la corrupci\u00f3n cuando en realidad, el PT ocupaba solo el d\u00e9cimo lugar en el ranking entre los partidos pol\u00edticos brasileros corruptos.<\/p>\n<\/p>\n<p>Hay que agregar al an\u00e1lisis, adem\u00e1s, que, en los \u00faltimos a\u00f1os, en muchas partes del mundo, la derecha ha ganado fuerza, especialmente a partir del apoyo expl\u00edcito del presidente norteamericano Donald Trump.<\/p>\n<\/p>\n<p>En Brasil, todos esos elementos, promovieron una atm\u00f3sfera anti-PT. Y desde los mismos Estados Unidos se promovi\u00f3 una estrategia que instrument\u00f3 jueces, parlamentarios y polic\u00edas, para atacar al Estado acus\u00e1ndole de ineficiente y descalificar a liderazgos populares como al mismo Lula. Incluso envi\u00e1ndole a la c\u00e1rcel mediante un procedimiento jur\u00eddico totalmente irregular, condenado por \u00abuna acci\u00f3n indeterminada\u00bb, elemento que no existe en ning\u00fan c\u00f3digo penal en el mundo. Lula fue un prisionero pol\u00edtico. En la campa\u00f1a electoral se difundieron millones de fakes news, de tal forma que Brasil fue contaminado por una ola de odio, rabia y disgregaci\u00f3n social. Y en ese contexto, la consigna simplista, fue \u00abhay que cambiar\u00bb, abri\u00e9ndole la puerta a Jair Bolsonaro.<\/p>\n<p><strong>P: Con un programa elitista en lo econ\u00f3mico, pero con promesas populistas&#8230;<\/strong><\/p>\n<\/p>\n<p>LB: En efecto. Un ex militar, apoyado por los grandes grupos de poder. De extrema derecha, sin ninguna educaci\u00f3n, buscando siempre la confrontaci\u00f3n, alabando a los torturadores de anta\u00f1o y las dictaduras militares, tanto de Brasil, como de Chile y Paraguay. Confrontando con palabras ofensivas a la canciller alemana Angela Merkel o al presidente franc\u00e9s Emmanuel Macron y a los candidatos del Frente de Todos de Argentina. Apoy\u00e1ndose en las iglesias neo pentecostales y en sus programas televisivos masivos que manipulan a millones de personas con todo tipo de mensajes mentirosos y distorsionadores. En este ambiente irrumpi\u00f3 Bolsonaro, quien est\u00e1 desmantelando aceleradamente todos los programas de inclusi\u00f3n social de los gobiernos de Lula y Dilma y quitando derechos esenciales a los trabajadores. Hay mucha desesperanza en el pa\u00eds. Incluso hay analistas que piensan que no terminar\u00e1 su mandato ya que las propias oligarqu\u00edas que lo apoyaron ya no creen en su persona ni en el tipo de econom\u00eda extremadamente neoliberal, sin ning\u00fan crecimiento y restringiendo las inversiones productivas.<\/p>\n<p><strong>\u00abSociedad posdemocr\u00e1tica, sin leyes\u00bb<\/strong><\/p>\n<p><strong>P: A nivel de derechos humanos: \u00bfqu\u00e9 representa el Gobierno Bolsonaro?<\/strong><\/p>\n<\/p>\n<p>LB: Es expl\u00edcitamente homof\u00f3bico, se manifiesta contra la poblaci\u00f3n LGBT, contra los negros e ind\u00edgenas. Tiene un estilo vulgar de comunicaci\u00f3n, \u00aba la Trump\u00bb, v\u00eda Internet, actuando de forma autoritaria por encima de la constituci\u00f3n.  Vivimos la realidad de una sociedad posdemocr\u00e1tica y sin leyes. Debido a que defiende la tortura, el acceso de la poblaci\u00f3n a las armas de fuego, y la violencia, \u00e9sta ha aumentado considerablemente en el pa\u00eds. Solo el a\u00f1o pasado se registraron m\u00e1s de 65 mil asesinatos.<\/p>\n<p><strong>P: \u00bfCu\u00e1les son las prioridades para los defensores de DDHH y organizaciones sociales?<\/strong><\/p>\n<\/p>\n<p>LB: En esta coyuntura, la lucha es por la defensa de los derechos esenciales de los trabajadores, de las minor\u00edas sometidas y de los m\u00e1s pobres, de los cuales Bolsonaro nunca habla y a los que desprecia. En cuanto a derechos humanos, estamos volviendo al tiempo de la dictadura militar, cuando se trataba de salvar vidas secuestradas, torturadas&#8230;Ahora, la ola de violencia es animada por un presidente que en tanto candidato alab\u00f3 la represi\u00f3n y a los torturadores. Los que usan la violencia, en particular contra los pobres y negros, se sienten respaldados por la m\u00e1xima autoridad del pa\u00eds. Bolsonaro vive una paranoia que le lleva a ver en cualquier oposici\u00f3n la presencia \u00abcomunista\u00bb y que le lleva a sentirse v\u00edctima de una conspiraci\u00f3n mundial. Ha estimulado la deforestaci\u00f3n de la Amazon\u00eda, abierta completamente a las empresas mineras de USA y de China y promueve una visi\u00f3n claramente anti ind\u00edgena. Los grandes incendios de extensos territorios amaz\u00f3nicos cuentan con el benepl\u00e1cito del presidente, lo que est\u00e1 provocando un enorme esc\u00e1ndalo nacional e internacional.<\/p>\n<\/p>\n<p><strong>P: \u00bfEs decir, es de nuevo el momento de la defensa de los derechos humanos en su sentido m\u00e1s tradicional?<\/strong><\/p>\n<\/p>\n<p>LB: En la etapa precedente muy diversos actores de base hab\u00edan avanzado mucho en conceptualizar y promover los derechos sociales, los derechos de la naturaleza y de la Madre Tierra. Siento que ahora estos temas han perdido centralidad. Se trata hoy de salvaguardar los derechos humanos b\u00e1sicos, profundamente afectados. Sin embargo, se mantiene abierta la reflexi\u00f3n, especialmente la que se dio previa al S\u00ednodo para la Amazon\u00eda, en torno a los derechos de la naturaleza. Brasil puede ofrecer un aporte significativo al conjunto del planeta a trav\u00e9s de sus selvas y grandes r\u00edos que sirven como filtros de absorci\u00f3n de CO2.<\/p>\n<p><strong>\u00abSeres humanos que no reconocen a otros como humanos\u00bb<\/strong><\/p>\n<\/p>\n<p>P: El repliegue nacionalista que promueve el gobierno brasilero coincide con proyectos xenof\u00f3bicos y con los muros antinmigrantes que se refuerzan en otras regiones del mundo, ya sea en Europa o en los mismos Estados Unidos de Norteam\u00e9rica &#8230;<\/p>\n<\/p>\n<p>LB: Siento que estamos en medio de una crisis fundamental de civilizaci\u00f3n e ingresando en una era de barbarie.  Donde se debilita la solidaridad entre los seres humanos y aumentan los o\u00eddos sordos hacia los gritos de la naturaleza y la Tierra. Nos estamos dando cuenta que no tenemos soluciones para los problemas que nosotros mismos hemos creado. En verdad, hemos convertido el Jard\u00edn del Ed\u00e9n en un matadero y el ser un humano en vez de ser su cuidador se transforma en el Sat\u00e1n de la Tierra. Cuando una civilizaci\u00f3n globalizada como la nuestra no logra incluir a todos, expresa que est\u00e1 ag\u00f3nica y camina rumbo a un desastre ecol\u00f3gico-social sin precedentes. Vivimos en una emergencia humanitaria, en la que seres humanos no reconocen a otros como humanos. Me refiero a seres que merecer\u00edan respeto y afirmaci\u00f3n de sus derechos.  Su negaci\u00f3n constituye una especie de condena a muerte. De hecho, muchos mueren diariamente sea en las aguas del Mediterr\u00e1neo, tratando de llegar a Europa, o en los senderos latinoamericanos rumbo a los Estados Unidos.<\/p>\n<\/p>\n<p><strong>*Sergio Ferrari, en colaboraci\u00f3n con la Fundaci\u00f3n solidaria suiza COOPERAXION, con proyectos de apoyo a los movimientos sociales en Brasil y Liberia<\/strong><\/p>\n<p><strong> <\/strong><\/p>\n<p>Sergio Ferrari<\/p>\n<p>Journaliste RP\/periodista RP<\/p>\n<p>Tel: (00 41) 078 859 02 44<\/p>\n<p>sergioechanger@yahoo.fr<\/p>\n<h6> 2019-12-12 20:05:38 <\/h6>\n<p><!--\n<link rel=\"stylesheet\" href=\"css\/bootstrap.min.css\">\n\n\n<ul class=\"pagination\">\n\t    \n\t\n\n<li >\n\t<a href='?page_no=996'>Previous<\/a>\n\t<\/li>\n\n\n       \n    \n\n<li><a href='?page_no=1'>1<\/a><\/li>\n\n\n\n<li><a href='?page_no=2'>2<\/a><\/li>\n\n\n\n<li><a>...<\/a><\/li>\n\n\n\n<li><a href='?page_no=995'>995<\/a><\/li>\n\n\n\n<li><a href='?page_no=996'>996<\/a><\/li>\n\n\n\n<li class='active'><a>997<\/a><\/li>\n\n\n\n<li><a href='?page_no=998'>998<\/a><\/li>\n\n\n\n<li><a href='?page_no=999'>999<\/a><\/li>\n\n\n\n<li><a>...<\/a><\/li>\n\n\n\n<li><a href='?page_no=1549'>1549<\/a><\/li>\n\n\n\n<li><a href='?page_no=1550'>1550<\/a><\/li>\n\n    \n\t\n\n<li >\n\t<a href='?page_no=998'>Next<\/a>\n\t<\/li>\n\n\n    \n\n<li><a href='?page_no=1550'>Last &rsaquo;&rsaquo;<\/a><\/li>\n\n<\/ul>\n\n\n--><br \/>\n<\/body><\/p>\n","protected":false},"excerpt":{"rendered":"<p>Diariodominicano.com Con Douglas Mansur A la izquierda Douglas Mansur \u00abLa agon\u00eda de una civilizaci\u00f3n tan globalizada como excluyente\u00bb * 40 a\u00f1os del Centro de Defensa de Derechos Humanos de Petr\u00f3polis * \u00abUn retorno al Brasil dictatorial\u00bb Leonardo Boff Por Sergio Ferrari* Las se\u00f1ales que lanza la sociedad planetaria son preocupantes. \u00abEstamos en medio de una [&hellip;]<\/p>\n","protected":false},"author":3,"featured_media":0,"comment_status":"open","ping_status":"open","sticky":false,"template":"","format":"standard","meta":{"footnotes":""},"categories":[19],"tags":[],"class_list":["post-33631","post","type-post","status-publish","format-standard","hentry","category-mi-voz"],"_links":{"self":[{"href":"https:\/\/diariodominicano.com\/index.php?rest_route=\/wp\/v2\/posts\/33631","targetHints":{"allow":["GET"]}}],"collection":[{"href":"https:\/\/diariodominicano.com\/index.php?rest_route=\/wp\/v2\/posts"}],"about":[{"href":"https:\/\/diariodominicano.com\/index.php?rest_route=\/wp\/v2\/types\/post"}],"author":[{"embeddable":true,"href":"https:\/\/diariodominicano.com\/index.php?rest_route=\/wp\/v2\/users\/3"}],"replies":[{"embeddable":true,"href":"https:\/\/diariodominicano.com\/index.php?rest_route=%2Fwp%2Fv2%2Fcomments&post=33631"}],"version-history":[{"count":0,"href":"https:\/\/diariodominicano.com\/index.php?rest_route=\/wp\/v2\/posts\/33631\/revisions"}],"wp:attachment":[{"href":"https:\/\/diariodominicano.com\/index.php?rest_route=%2Fwp%2Fv2%2Fmedia&parent=33631"}],"wp:term":[{"taxonomy":"category","embeddable":true,"href":"https:\/\/diariodominicano.com\/index.php?rest_route=%2Fwp%2Fv2%2Fcategories&post=33631"},{"taxonomy":"post_tag","embeddable":true,"href":"https:\/\/diariodominicano.com\/index.php?rest_route=%2Fwp%2Fv2%2Ftags&post=33631"}],"curies":[{"name":"wp","href":"https:\/\/api.w.org\/{rel}","templated":true}]}}