{"id":33628,"date":"2019-12-14T11:28:12","date_gmt":"2019-12-14T11:28:12","guid":{"rendered":"http:\/\/diariodominicano.ddns.net\/?p=33628"},"modified":"2019-12-14T11:28:12","modified_gmt":"2019-12-14T11:28:12","slug":"escuadron-antidisturbios-atenta-contra-protesta-opinan-en-colombia","status":"publish","type":"post","link":"https:\/\/diariodominicano.com\/?p=33628","title":{"rendered":"Escuadr\u00f3n antidisturbios atenta contra protesta, opinan en Colombia"},"content":{"rendered":"<p><body><\/p>\n<p><img decoding=\"async\" src=\"img3\/colomb111.jpg\" \/>  <\/p>\n<p>Bogot\u00e1, 14 dic (Prensa Latina) Antonio Sanguino, copresidente de la Comisi\u00f3n de Paz del Senado de Colombia, opina que el Escuadr\u00f3n M\u00f3vil Antidisturbios (Esmad) se ha convertido en una fuerza policial que hoy atenta contra la protesta.<\/p>\n<\/p>\n<p>Urge su desmonte!, expres\u00f3 mediante su cuenta en Twitter al convocar a una audiencia p\u00fablica para el pr\u00f3ximo 16 de diciembre a fin de que organizaciones, v\u00edctimas y expertos expongan sus visiones sobre qu\u00e9 hacer con el Esmad.<\/p>\n<\/p>\n<p>El accionar del Escuadr\u00f3n durante las protestas antigubernamentales que tienen lugar en el pa\u00eds desde el 21 de noviembre pasado ha sido muy cuestionado, pues varias voces denuncian lo que consideran uso excesivo de la fuerza.<\/p>\n<\/p>\n<p>Precisamente dicho accionar es uno de los principales puntos de divergencia durante las reuniones entre el Comit\u00e9 de Pato y el gobierno.<\/p>\n<\/p>\n<p>En el pliego de peticiones que entreg\u00f3 a la Presidencia de la Rep\u00fablica, el Comit\u00e9 pidi\u00f3 la disoluci\u00f3n del Escuadr\u00f3n y la depuraci\u00f3n de la Polic\u00eda Nacional.<\/p>\n<\/p>\n<p>Al respecto, la Central Unitaria de Trabajadores (CUT), uno de los sindicatos m\u00e1s importantes de Colombia, denunci\u00f3 esta semana lo que calific\u00f3 de atropellos contra integrantes del paro nacional en rechazo a pol\u00edticas gubernamentales, contra la violencia y por la paz.<\/p>\n<\/p>\n<p>La CUT denuncia ante la comunidad nacional e internacional los atropellos a que vienen siendo sometidos los integrantes del paro, por parte de la Polic\u00eda en cabeza del Esmad, se\u00f1al\u00f3.<\/p>\n<\/p>\n<p>En tal sentido, puntualiz\u00f3 mediante un comunicado que se han desconocido todos los procesos legales de detenciones.<\/p>\n<\/p>\n<p>En dicho contexto, el senador Iv\u00e1n Cepeda se pronunci\u00f3 recientemente por un cambio profundo en la pol\u00edtica de seguridad.<\/p>\n<\/p>\n<p>La nueva pol\u00edtica de seguridad debe ser compatible con el proceso de paz en curso, no generar inseguridad y violaciones masivas de derechos humanos, garantizar la desmilitarizaci\u00f3n de la sociedad, que los roles de Polic\u00eda y Ej\u00e9rcito no se inviertan, que existan eficaces mecanismos de control, subray\u00f3. Por eso, apunt\u00f3, el problema no es el cierre o no del Esmad. Se han desmontado ya cuerpos represivos y de inteligencia, y las nuevas instituciones son tan arbitrarias como las anteriores. Se requiere un cambio de fondo en la pol\u00edtica de seguridad, remarc\u00f3 Cepeda.<\/p>\n<\/p>\n<p>mv\/mfb<\/p>\n<h6> 2019-12-14 11:28:12 <\/h6>\n<p><!--\n<link rel=\"stylesheet\" href=\"css\/bootstrap.min.css\">\n\n\n<ul class=\"pagination\">\n\t    \n\t\n\n<li >\n\t<a href='?page_no=993'>Previous<\/a>\n\t<\/li>\n\n\n       \n    \n\n<li><a href='?page_no=1'>1<\/a><\/li>\n\n\n\n<li><a href='?page_no=2'>2<\/a><\/li>\n\n\n\n<li><a>...<\/a><\/li>\n\n\n\n<li><a href='?page_no=992'>992<\/a><\/li>\n\n\n\n<li><a href='?page_no=993'>993<\/a><\/li>\n\n\n\n<li class='active'><a>994<\/a><\/li>\n\n\n\n<li><a href='?page_no=995'>995<\/a><\/li>\n\n\n\n<li><a href='?page_no=996'>996<\/a><\/li>\n\n\n\n<li><a>...<\/a><\/li>\n\n\n\n<li><a href='?page_no=1549'>1549<\/a><\/li>\n\n\n\n<li><a href='?page_no=1550'>1550<\/a><\/li>\n\n    \n\t\n\n<li >\n\t<a href='?page_no=995'>Next<\/a>\n\t<\/li>\n\n\n    \n\n<li><a href='?page_no=1550'>Last &rsaquo;&rsaquo;<\/a><\/li>\n\n<\/ul>\n\n\n--><br \/>\n<\/body><\/p>\n","protected":false},"excerpt":{"rendered":"<p>Bogot\u00e1, 14 dic (Prensa Latina) Antonio Sanguino, copresidente de la Comisi\u00f3n de Paz del Senado de Colombia, opina que el Escuadr\u00f3n M\u00f3vil Antidisturbios (Esmad) se ha convertido en una fuerza policial que hoy atenta contra la protesta. Urge su desmonte!, expres\u00f3 mediante su cuenta en Twitter al convocar a una audiencia p\u00fablica para el pr\u00f3ximo [&hellip;]<\/p>\n","protected":false},"author":3,"featured_media":0,"comment_status":"open","ping_status":"open","sticky":false,"template":"","format":"standard","meta":{"footnotes":""},"categories":[19],"tags":[],"class_list":["post-33628","post","type-post","status-publish","format-standard","hentry","category-mi-voz"],"_links":{"self":[{"href":"https:\/\/diariodominicano.com\/index.php?rest_route=\/wp\/v2\/posts\/33628","targetHints":{"allow":["GET"]}}],"collection":[{"href":"https:\/\/diariodominicano.com\/index.php?rest_route=\/wp\/v2\/posts"}],"about":[{"href":"https:\/\/diariodominicano.com\/index.php?rest_route=\/wp\/v2\/types\/post"}],"author":[{"embeddable":true,"href":"https:\/\/diariodominicano.com\/index.php?rest_route=\/wp\/v2\/users\/3"}],"replies":[{"embeddable":true,"href":"https:\/\/diariodominicano.com\/index.php?rest_route=%2Fwp%2Fv2%2Fcomments&post=33628"}],"version-history":[{"count":0,"href":"https:\/\/diariodominicano.com\/index.php?rest_route=\/wp\/v2\/posts\/33628\/revisions"}],"wp:attachment":[{"href":"https:\/\/diariodominicano.com\/index.php?rest_route=%2Fwp%2Fv2%2Fmedia&parent=33628"}],"wp:term":[{"taxonomy":"category","embeddable":true,"href":"https:\/\/diariodominicano.com\/index.php?rest_route=%2Fwp%2Fv2%2Fcategories&post=33628"},{"taxonomy":"post_tag","embeddable":true,"href":"https:\/\/diariodominicano.com\/index.php?rest_route=%2Fwp%2Fv2%2Ftags&post=33628"}],"curies":[{"name":"wp","href":"https:\/\/api.w.org\/{rel}","templated":true}]}}