{"id":33618,"date":"2019-12-16T10:50:46","date_gmt":"2019-12-16T10:50:46","guid":{"rendered":"http:\/\/diariodominicano.ddns.net\/?p=33618"},"modified":"2019-12-16T10:50:46","modified_gmt":"2019-12-16T10:50:46","slug":"barbarie-ilustrada","status":"publish","type":"post","link":"https:\/\/diariodominicano.com\/?p=33618","title":{"rendered":"Barbarie ilustrada"},"content":{"rendered":"<p><body><\/p>\n<p><img decoding=\"async\" src=\"img3\/bolv001.jpg\" \/>  <\/p>\n<p>11:03:00      Barometro Latinoamericano      No comments<\/p>\n<\/p>\n<p>Por Jes\u00fas A. Rond\u00f3n:<\/p>\n<\/p>\n<p>Hace varios meses me invitaron y acepte a participar en un grupo de WhatsApp que reun\u00eda a algunos de mis colegas, muchos de ellos hoy migrantes y otros activos en pol\u00edtica nacional. As\u00ed llegue a \u00abSoci\u00f3logos por la Democracia\u00bb, donde los debates eran fundamentalmente sobre la situaci\u00f3n de pa\u00eds y las opiniones eran mayoritariamente contra el gobierno y m\u00e1s a\u00fan contra el chavismo.<\/p>\n<\/p>\n<p>Recientemente compart\u00ed el enlace a un art\u00edculo titulado \u00abRefugiados expr\u00e9s\u00bb, publicado por el Diario Ultimas Noticias. Antes hab\u00eda colocado otras de mis notas y no pasaba nada. Esta vez alguien se tom\u00f3 el tiempo para leerlo e inicio una seguidilla de insultos y descalificaciones. Se apodero de algunos un frenes\u00ed, que me record\u00f3 a la Santa Inquisici\u00f3n. Reaccione sin novedad, ya acostumbrado a este tipo de discursos y ataques.<\/p>\n<\/p>\n<p>Esta situaci\u00f3n me permiti\u00f3 ver este grupo de colegas en otra perspectiva y entend\u00ed que algunos olvidaron las teor\u00edas sociales que tuvimos la oportunidad de estudiar en nuestros a\u00f1os mozos, ahora son especuladores de oficio. Muchos de ellos sacaron la m\u00e1xima calificaci\u00f3n en sus materias, ahora hasta son doctores; pero sus opiniones vienen de las v\u00edsceras.<\/p>\n<\/p>\n<p>Se asumen muchos ellos como miembros de una clase media afectada por el chavismo. Asumen esta identidad y se consideran poseedores unos rasgos que le proporcionan superioridad moral y racional frente a la clase trabajadora, los cuales dada su falta de formaci\u00f3n son incapaces de conducir sus vidas y menos llevar las riendas de un pa\u00eds, de una sociedad. Seg\u00fan ellos son los doctos los que deben conducir el pa\u00eds, as\u00ed pues, se consideran el faro en la sociedad que todos deben seguir.<\/p>\n<\/p>\n<p>Coincid\u00eda con este evento, el golpe en contra Evo y el pueblo boliviano y no pude evitar pensar que se parecen tanto a los que asaltaron el poder, que demandan tolerancia, pero en la menor oportunidad se dedican a perseguir, humillar e incendiar al contrario. Se parecen tanto a los promovieron las guarimbas en nuestro pa\u00eds y que si llegan al poder, tienen entre ceja y ceja aplicar una purga, para dejar seg\u00fan ellos a los puros, que claro est\u00e1, son pocos. Se parecen tanto a aquellos que con una gota de poder se convierten en mequetrefes al servicio del mejor postor, como los diputados de la Comisi\u00f3n de Contralor\u00eda, de la AN en desacato, que seg\u00fan sus partidos actuaban por iniciativa propia.<\/p>\n<\/p>\n<p>Como era de esperarse, me expulsaron, porque no era como ellos, a mi juicio: b\u00e1rbaros \u00abilustrados\u00bb o al menos se creen ilustrados. En nuestro pueblo se dice que \u00abla universidad no hace gente mijo y menos la plata\u00bb.<\/p>\n<\/p>\n<p>jesusalbertorondon@gmail.com<\/p>\n<h6> 2019-12-16 10:50:46 <\/h6>\n<p><!--\n<link rel=\"stylesheet\" href=\"css\/bootstrap.min.css\">\n\n\n<ul class=\"pagination\">\n\t    \n\t\n\n<li >\n\t<a href='?page_no=984'>Previous<\/a>\n\t<\/li>\n\n\n       \n    \n\n<li><a href='?page_no=1'>1<\/a><\/li>\n\n\n\n<li><a href='?page_no=2'>2<\/a><\/li>\n\n\n\n<li><a>...<\/a><\/li>\n\n\n\n<li><a href='?page_no=983'>983<\/a><\/li>\n\n\n\n<li><a href='?page_no=984'>984<\/a><\/li>\n\n\n\n<li class='active'><a>985<\/a><\/li>\n\n\n\n<li><a href='?page_no=986'>986<\/a><\/li>\n\n\n\n<li><a href='?page_no=987'>987<\/a><\/li>\n\n\n\n<li><a>...<\/a><\/li>\n\n\n\n<li><a href='?page_no=1549'>1549<\/a><\/li>\n\n\n\n<li><a href='?page_no=1550'>1550<\/a><\/li>\n\n    \n\t\n\n<li >\n\t<a href='?page_no=986'>Next<\/a>\n\t<\/li>\n\n\n    \n\n<li><a href='?page_no=1550'>Last &rsaquo;&rsaquo;<\/a><\/li>\n\n<\/ul>\n\n\n--><br \/>\n<\/body><\/p>\n","protected":false},"excerpt":{"rendered":"<p>11:03:00 Barometro Latinoamericano No comments Por Jes\u00fas A. Rond\u00f3n: Hace varios meses me invitaron y acepte a participar en un grupo de WhatsApp que reun\u00eda a algunos de mis colegas, muchos de ellos hoy migrantes y otros activos en pol\u00edtica nacional. As\u00ed llegue a \u00abSoci\u00f3logos por la Democracia\u00bb, donde los debates eran fundamentalmente sobre la [&hellip;]<\/p>\n","protected":false},"author":3,"featured_media":0,"comment_status":"open","ping_status":"open","sticky":false,"template":"","format":"standard","meta":{"footnotes":""},"categories":[19],"tags":[],"class_list":["post-33618","post","type-post","status-publish","format-standard","hentry","category-mi-voz"],"_links":{"self":[{"href":"https:\/\/diariodominicano.com\/index.php?rest_route=\/wp\/v2\/posts\/33618","targetHints":{"allow":["GET"]}}],"collection":[{"href":"https:\/\/diariodominicano.com\/index.php?rest_route=\/wp\/v2\/posts"}],"about":[{"href":"https:\/\/diariodominicano.com\/index.php?rest_route=\/wp\/v2\/types\/post"}],"author":[{"embeddable":true,"href":"https:\/\/diariodominicano.com\/index.php?rest_route=\/wp\/v2\/users\/3"}],"replies":[{"embeddable":true,"href":"https:\/\/diariodominicano.com\/index.php?rest_route=%2Fwp%2Fv2%2Fcomments&post=33618"}],"version-history":[{"count":0,"href":"https:\/\/diariodominicano.com\/index.php?rest_route=\/wp\/v2\/posts\/33618\/revisions"}],"wp:attachment":[{"href":"https:\/\/diariodominicano.com\/index.php?rest_route=%2Fwp%2Fv2%2Fmedia&parent=33618"}],"wp:term":[{"taxonomy":"category","embeddable":true,"href":"https:\/\/diariodominicano.com\/index.php?rest_route=%2Fwp%2Fv2%2Fcategories&post=33618"},{"taxonomy":"post_tag","embeddable":true,"href":"https:\/\/diariodominicano.com\/index.php?rest_route=%2Fwp%2Fv2%2Ftags&post=33618"}],"curies":[{"name":"wp","href":"https:\/\/api.w.org\/{rel}","templated":true}]}}