{"id":33617,"date":"2019-12-16T10:53:23","date_gmt":"2019-12-16T10:53:23","guid":{"rendered":"http:\/\/diariodominicano.ddns.net\/?p=33617"},"modified":"2019-12-16T10:53:23","modified_gmt":"2019-12-16T10:53:23","slug":"chile-las-cosas-como-son","status":"publish","type":"post","link":"https:\/\/diariodominicano.com\/?p=33617","title":{"rendered":"Chile las cosas como son"},"content":{"rendered":"<p><body><\/p>\n<p><img decoding=\"async\" src=\"img3\/chil0012.jpg\" \/>  <\/p>\n<p>Chile las cosas como son<\/p>\n<\/p>\n<p>10:31:00      Barometro Latinoamericano<\/p>\n<\/p>\n<p>Por Eduardo Contreras:<\/p>\n<\/p>\n<p>Hace s\u00f3lo unos d\u00edas se ha conmemorado el D\u00eda Internacional de los Derechos Humanos y pronto se cumple otro aniversario del advenimiento de aquellos gobiernos de la llamada \u00abConcertaci\u00f3n\u00bb que fueron posibles tras el acuerdo entre la dictadura y ese sector de la pol\u00edtica nacional. Son fechas y alg\u00fan modo relacionadas y aptas para que, desde nuestro particular punto de vista, se\u00f1alemos hechos y evoquemos acontecimientos.<\/p>\n<\/p>\n<p>En relaci\u00f3n a la vigencia y respeto de los Derechos Humanos, no hay duda alguna que vivimos tiempos dif\u00edciles y no s\u00f3lo por las dificultades y tardanzas innecesarias que se suceden en los procesos judiciales por los cr\u00edmenes de lesa humanidad cometidos por la dictadura de la derecha chilena, sino,  sobre todo y fundamentalmente, porque vivimos, hoy en el presente, tiempos de claros atropellos, de violaci\u00f3n de derechos fundamentales del pueblo chileno, perpetrados por los agentes policiales del gobierno de un reconocido pinochetista como es  Sebasti\u00e1n Pi\u00f1era.<\/p>\n<\/p>\n<p>Una primera referencia entonces ser\u00e1 para el actual y fracasado presidente de la rep\u00fablica de Chile, aquel de no m\u00e1s de un 10% de aprobaci\u00f3n nacional, incapaz absoluto de enfrentar la situaci\u00f3n que se vive y que, sin embargo, por esas rarezas de la conducta social, ha sido elegido en dos oportunidades como primer mandatario. Nadie en este pa\u00eds ignora que se trata de un individuo de escasa preparaci\u00f3n intelectual y de un conocido pasado procesal penal por su estafa al Banco de Talca en los a\u00f1os ochenta del siglo pasado, su fuga, su salvaci\u00f3n gracias a la gesti\u00f3n de su hermano Jos\u00e9 (padre de las afp y las isapres ) ante el propio dictador y gracias adem\u00e1s a la vinculaci\u00f3n familiar de los Pi\u00f1era con  la embajada de los EEUU en Santiago. Conocido es tambi\u00e9n su conflicto con el empresario derechista Ricardo Claro a prop\u00f3sito del negocio de las tarjetas de cr\u00e9dito.<\/p>\n<\/p>\n<p>Nadie olvida tampoco su ardoroso discurso en defensa de Pinochet como principal orador en el acto p\u00fablico conque el fascismo criollo exig\u00eda la libertad del dictador cuando estaba preso en Londres y a punto de ser enviado a Espa\u00f1a donde habr\u00eda de ser condenado por el juez Baltasar Garz\u00f3n.<\/p>\n<\/p>\n<p>No debe entonces sorprender a nadie su infinita incapacidad demostrada desde el comienzo de la movilizaci\u00f3n social nacional en octubre de este a\u00f1o para exigir el fin de un modelo de explotaci\u00f3n econ\u00f3mica y social impuesto tras el golpe militar del 73, y consagrado en la funesta Constituci\u00f3n dictatorial chilena que nos sigue rigiendo hasta hoy.<\/p>\n<\/p>\n<p>En rigor, con un m\u00ednimo de pudor ? que no es el caso ? Pi\u00f1era debi\u00f3 haber renunciado hace ya un buen tiempo.<\/p>\n<p>Pero el modelo econ\u00f3mico, social y pol\u00edtico establecido en la actual Constituci\u00f3n y cuya repulsa nacional es la causa de la movilizaci\u00f3n de masas que vivimos, no es s\u00f3lo producto de la ultra reaccionaria derecha chilena, sino tambi\u00e9n de aquellos partidos, supuestamente democr\u00e1ticos y progresistas que conformaron la llamada Concertaci\u00f3n de partidos por la democracia y que llegaron a acuerdo con la tiran\u00eda.<\/p>\n<\/p>\n<p>\u00bfC\u00f3mo entonces celebrar por estas fechas ese \u00abretorno a la democracia\u00bb? S\u00ed, en efecto Pinochet dej\u00f3 el mando oficial y dejaron de operar los asesinos de la Dina, la CNI y otros aparatos. Pero esos partidos, supuestamente progresistas y democr\u00e1ticos, salvaron al dictador de su condena internacional y, es m\u00e1s, lo ungieron \u00a1senador vitalicio! Y a no ser por la querella criminal del 12 de enero de 1998 presentada por el Partido Comunista de Chile con Gladys Mar\u00edn al frente, no habr\u00edan tenido lugar los miles de procesos judiciales que todav\u00eda contin\u00faan por causas de detenidos desaparecidos, ejecutados, torturados.<\/p>\n<\/p>\n<p>Pero lo peor: mantuvieron la organizaci\u00f3n pol\u00edtica y econ\u00f3mica de la sociedad chilena impuesta a sangre y fuego por Pinochet y consagrada en la Constituci\u00f3n \u00a1\u00a1que todav\u00eda soportamos!! Liquidaron el papel del Estado en la Econom\u00eda, se puso fin en el pa\u00eds a un trabajo digno y a una vejez segura, abolieron derechos sindicales, y terminaron con derechos tan esenciales como el derecho al Agua, a los recursos naturales, a la Salud, a la Educaci\u00f3n, a la Vivienda, al Uso del suelo, a la libre Pesca, o el de los pueblos originarios o de igualdad de g\u00e9nero.<\/p>\n<\/p>\n<p>Es m\u00e1s, el primer mandatario electo tras el retiro pactado del dictador fue Patricio Aylwin y quien quiera que lea y estudie con seriedad lo ocurrido en Chile a prop\u00f3sito del golpe contra el gobierno de Salvador Allende y de la Unidad Popular no puede sino concluir que ese personaje fue uno de los principales articuladores de la maniobra golpista, Empezando por la manipulaci\u00f3n a nivel de la dirigencia DC para quitar de la presidencia de ese partido al Senador Renan Fuentealba un dem\u00f3crata consecuente que, m\u00e1s all\u00e1 de sus diferencias con la Unidad Popular, siempre se opuso a un golpe de Estado. Basta con leer las declaraciones de Patricio Aylwin, en los d\u00edas posteriores al 11 de septiembre de 1973, apoyando a Pinochet para tener claro quien fue este personaje y otros de su sector. \u00a1Qu\u00e9 distinto a su hermano Andr\u00e9s que fuera un dem\u00f3crata leal adem\u00e1s de gran defensor de los derechos humanos! <\/p>\n<\/p>\n<p>No hay mucho pues que celebrar a prop\u00f3sito del advenimiento de los gobiernos de la Concertaci\u00f3n. Todos sin excepci\u00f3n mantuvieron el mismo tipo de sociedad impuesto tras el golpe y, naturalmente, la misma Constituci\u00f3n. Resulta incre\u00edble, por ejemplo, releer a estas alturas la t\u00e9sis de grado del entonces estudiante de Derecho Ricardo Lagos Escobar.<\/p>\n<\/p>\n<p>Su obra, denominada \u00abLa Concentraci\u00f3n del poder econ\u00f3mico\u00bb, editada en 3 ocasiones el a\u00f1o 1961 por Editorial del Pac\u00edfico, fue de gran impacto. Resulta sorprendente leer en la p\u00e1gina 172 de su libro que Lagos sostenga que \u00abLa \u00fanica y verdadera soluci\u00f3n es, entonces, la abolici\u00f3n de la propiedad privada sobre los medios de producci\u00f3n, los cuales deben pasar al Estado\u00bb.<\/p>\n<\/p>\n<p>Lo probable es que hayan sido los a\u00f1os que m\u00e1s tarde Ricardo Lagos vivi\u00f3 en EEUU la causa de que, mucho despu\u00e9s y ya como presidente de Chile, este personaje renegara de su propio pensamiento y hubiera gobernado precisamente en favor de los propietarios individuales de los medios de producci\u00f3n.<\/p>\n<\/p>\n<p>En este comentario no ha de escaparse lo que sucede en el poder judicial. Un bot\u00f3n de muestra: por estos mismos d\u00edas debe designarse un nuevo presidente de la Corte Suprema al concluir el mandato legal del ministro Haroldo Brito. Y bien, entre los candidatos al cargo figura don Lamberto Cisternas quien ha hecho ruido publicitariamente en las \u00faltimas semanas. No m\u00e1s que no recuerda que, tras el golpe del 73, \u00e9l fue viceministro del Trabajo de la dictadura de Pinochet. Esperemos no sea elegido.<\/p>\n<\/p>\n<p>Concluyo recordando las palabras del comienzo en cuanto a la violaci\u00f3n de los derechos humanos en el presente. Los asesinados por Carabineros, las ni\u00f1as y ni\u00f1os violados en sus cuarteles, la cantidad de j\u00f3venes compatriotas que han dejado ciegos para toda la vida, los torturados, los prisioneros, todo nos muestra lo que es un gobierno anti democr\u00e1tico y antipopular como el actual. Si hasta organismos como Human Rigth Watch o la Comisionada de la ONU, han debido reconocer las graves violaciones a los derechos humanos cometidas en nuestro tiempo bajo el gobierno de Pi\u00f1era, por m\u00e1s que los grandes medios de comunicaci\u00f3n de nuestro pa\u00eds ? todos al servicio del gran empresariado nacional e internacional ? traten de ocultar buena parte de lo que sucede.<\/p>\n<\/p>\n<p>Desgraciadamente, la derecha chilena sigue contando con el indisimulado apoyo de los grupos pol\u00edticos autodenominados progresistas o sociales dem\u00f3cratas. Con sus votos se han aprobado actuales leyes represivas como sucedi\u00f3 el pasado 4 de diciembre.<\/p>\n<p>Por suerte para el pueblo que es el principal protagonista de la historia, para las masas, los trabajadores, las mujeres, los j\u00f3venes, que siguen luchando en las calles, todav\u00eda hay organizaciones pol\u00edticas leales, que combaten contra el modelo y luchan por cambios verdaderos, por mejoramiento de las condiciones de vida de la poblaci\u00f3n, por la recuperaci\u00f3n de sus derechos esenciales y, obviamente, por una Nueva Constituci\u00f3n de verdad que ponga fin al modelo expoliador. \u00a1A sumarse a esas tareas!<\/p>\n<\/p>\n<p>eduardocontreras2@gmail.com<\/p>\n<h6> 2019-12-16 10:53:23 <\/h6>\n<p><!--\n<link rel=\"stylesheet\" href=\"css\/bootstrap.min.css\">\n\n\n<ul class=\"pagination\">\n\t    \n\t\n\n<li >\n\t<a href='?page_no=983'>Previous<\/a>\n\t<\/li>\n\n\n       \n    \n\n<li><a href='?page_no=1'>1<\/a><\/li>\n\n\n\n<li><a href='?page_no=2'>2<\/a><\/li>\n\n\n\n<li><a>...<\/a><\/li>\n\n\n\n<li><a href='?page_no=982'>982<\/a><\/li>\n\n\n\n<li><a href='?page_no=983'>983<\/a><\/li>\n\n\n\n<li class='active'><a>984<\/a><\/li>\n\n\n\n<li><a href='?page_no=985'>985<\/a><\/li>\n\n\n\n<li><a href='?page_no=986'>986<\/a><\/li>\n\n\n\n<li><a>...<\/a><\/li>\n\n\n\n<li><a href='?page_no=1549'>1549<\/a><\/li>\n\n\n\n<li><a href='?page_no=1550'>1550<\/a><\/li>\n\n    \n\t\n\n<li >\n\t<a href='?page_no=985'>Next<\/a>\n\t<\/li>\n\n\n    \n\n<li><a href='?page_no=1550'>Last &rsaquo;&rsaquo;<\/a><\/li>\n\n<\/ul>\n\n\n--><br \/>\n<\/body><\/p>\n","protected":false},"excerpt":{"rendered":"<p>Chile las cosas como son 10:31:00 Barometro Latinoamericano Por Eduardo Contreras: Hace s\u00f3lo unos d\u00edas se ha conmemorado el D\u00eda Internacional de los Derechos Humanos y pronto se cumple otro aniversario del advenimiento de aquellos gobiernos de la llamada \u00abConcertaci\u00f3n\u00bb que fueron posibles tras el acuerdo entre la dictadura y ese sector de la pol\u00edtica [&hellip;]<\/p>\n","protected":false},"author":3,"featured_media":0,"comment_status":"open","ping_status":"open","sticky":false,"template":"","format":"standard","meta":{"footnotes":""},"categories":[19],"tags":[],"class_list":["post-33617","post","type-post","status-publish","format-standard","hentry","category-mi-voz"],"_links":{"self":[{"href":"https:\/\/diariodominicano.com\/index.php?rest_route=\/wp\/v2\/posts\/33617","targetHints":{"allow":["GET"]}}],"collection":[{"href":"https:\/\/diariodominicano.com\/index.php?rest_route=\/wp\/v2\/posts"}],"about":[{"href":"https:\/\/diariodominicano.com\/index.php?rest_route=\/wp\/v2\/types\/post"}],"author":[{"embeddable":true,"href":"https:\/\/diariodominicano.com\/index.php?rest_route=\/wp\/v2\/users\/3"}],"replies":[{"embeddable":true,"href":"https:\/\/diariodominicano.com\/index.php?rest_route=%2Fwp%2Fv2%2Fcomments&post=33617"}],"version-history":[{"count":0,"href":"https:\/\/diariodominicano.com\/index.php?rest_route=\/wp\/v2\/posts\/33617\/revisions"}],"wp:attachment":[{"href":"https:\/\/diariodominicano.com\/index.php?rest_route=%2Fwp%2Fv2%2Fmedia&parent=33617"}],"wp:term":[{"taxonomy":"category","embeddable":true,"href":"https:\/\/diariodominicano.com\/index.php?rest_route=%2Fwp%2Fv2%2Fcategories&post=33617"},{"taxonomy":"post_tag","embeddable":true,"href":"https:\/\/diariodominicano.com\/index.php?rest_route=%2Fwp%2Fv2%2Ftags&post=33617"}],"curies":[{"name":"wp","href":"https:\/\/api.w.org\/{rel}","templated":true}]}}