{"id":33616,"date":"2019-12-16T11:58:47","date_gmt":"2019-12-16T11:58:47","guid":{"rendered":"http:\/\/diariodominicano.ddns.net\/?p=33616"},"modified":"2019-12-16T11:58:47","modified_gmt":"2019-12-16T11:58:47","slug":"lider-catolico-de-el-salvador-aboga-por-politica-fiscal-mas-justa","status":"publish","type":"post","link":"https:\/\/diariodominicano.com\/?p=33616","title":{"rendered":"L\u00edder cat\u00f3lico de El Salvador aboga por pol\u00edtica fiscal m\u00e1s justa"},"content":{"rendered":"<p><body><\/p>\n<p><img decoding=\"async\" src=\"img3\/salvd1.jpg\" \/>  <\/p>\n<p>San Salvador, 16 dic (Prensa Latina) El arzobispo de San Salvador, Jos\u00e9 Luis Escobar, se pronunci\u00f3 a favor de una pol\u00edtica tributaria m\u00e1s justa, y critic\u00f3 la amnist\u00eda fiscal que beneficia solo a las grandes empresas, se\u00f1alan hoy medios locales.<\/p>\n<\/p>\n<p>Escobar, citado por el portal web Verdad Digital, se\u00f1al\u00f3 que espera la amnist\u00eda aprobada por la Asamblea Legislativa sea revertida porque no beneficia al pueblo.<\/p>\n<\/p>\n<p>&#8216;Si hay falencias, qu\u00e9 triste si las hay? Yo creo que los se\u00f1ores diputados que lo han aprobado lo pueden desaprobar&#8217;, acot\u00f3 el l\u00edder religioso en di\u00e1logo con la prensa.<\/p>\n<\/p>\n<p>Por otra parte indic\u00f3 los beneficios a las arcas p\u00fablicas si el impuesto sobre el patrimonio fuera reinstaurado, pues considera debe pagar quien tiene m\u00e1s, y as\u00ed beneficiar a los pobres, a quienes les fueron aumentados los tributos fiscales.<\/p>\n<\/p>\n<p>&#8216;All\u00e1 por el a\u00f1o 2000 se suprimi\u00f3 el impuesto al patrimonio, ojal\u00e1 se vuelva a poner ese impuesto a esas mansiones de lujo, ojal\u00e1 que no haya m\u00e1s evasi\u00f3n y elusi\u00f3n de impuesto&#8217;, dijo el arzobispo, presidente de la Conferencia Episcopal de El Salvador.<\/p>\n<\/p>\n<p>El jerarca cat\u00f3lico record\u00f3 que al final de la cadena el Impuesto al Valor Agregado (IVA) lo paga el pobre, y que no todos los productos deber\u00edan ser gravados, en especial los b\u00e1sicos y de primera necesidad.<\/p>\n<\/p>\n<p>&#8216;Es muy injusto, pues est\u00e1 impuesto en todos los productos. El IVA no deber\u00eda cargarse a todos los productos por igual: las medicinas y productos b\u00e1sicos deber\u00edan de exonerar y poner m\u00e1s a los productos de lujo&#8217;, opin\u00f3 Escobar, de 60 a\u00f1os.<\/p>\n<\/p>\n<p>El arzobispo de San Salvador confes\u00f3 tener esperanzas en que el pa\u00eds adopte un sistema tributario m\u00e1s justo, en el cual la mayor carga la asuma quien m\u00e1s tiene.<\/p>\n<\/p>\n<p>&#8216;Si en este pa\u00eds, como en otros pa\u00edses con dificultades en sus tributos, el que m\u00e1s paga es el m\u00e1s pobre est\u00e1 muy mal, no puede ser; de por s\u00ed el sistema mismo se debe corregir&#8217;, advirti\u00f3 el sacerdote cat\u00f3lico.<\/p>\n<\/p>\n<p>La Asamblea Legislativo de El Salvador aprob\u00f3 el fin de semana una Amnist\u00eda Fiscal mediante la que las grandes empresas se libran de pagar sumas considerables por concepto de deudas de impuestos que ya eran analizadas por la Fiscal\u00eda General de la Rep\u00fablica.<\/p>\n<\/p>\n<p>mgt\/avs<\/p>\n<h6> 2019-12-16 11:58:47 <\/h6>\n<p><!--\n<link rel=\"stylesheet\" href=\"css\/bootstrap.min.css\">\n\n\n<ul class=\"pagination\">\n\t    \n\t\n\n<li >\n\t<a href='?page_no=982'>Previous<\/a>\n\t<\/li>\n\n\n       \n    \n\n<li><a href='?page_no=1'>1<\/a><\/li>\n\n\n\n<li><a href='?page_no=2'>2<\/a><\/li>\n\n\n\n<li><a>...<\/a><\/li>\n\n\n\n<li><a href='?page_no=981'>981<\/a><\/li>\n\n\n\n<li><a href='?page_no=982'>982<\/a><\/li>\n\n\n\n<li class='active'><a>983<\/a><\/li>\n\n\n\n<li><a href='?page_no=984'>984<\/a><\/li>\n\n\n\n<li><a href='?page_no=985'>985<\/a><\/li>\n\n\n\n<li><a>...<\/a><\/li>\n\n\n\n<li><a href='?page_no=1549'>1549<\/a><\/li>\n\n\n\n<li><a href='?page_no=1550'>1550<\/a><\/li>\n\n    \n\t\n\n<li >\n\t<a href='?page_no=984'>Next<\/a>\n\t<\/li>\n\n\n    \n\n<li><a href='?page_no=1550'>Last &rsaquo;&rsaquo;<\/a><\/li>\n\n<\/ul>\n\n\n--><br \/>\n<\/body><\/p>\n","protected":false},"excerpt":{"rendered":"<p>San Salvador, 16 dic (Prensa Latina) El arzobispo de San Salvador, Jos\u00e9 Luis Escobar, se pronunci\u00f3 a favor de una pol\u00edtica tributaria m\u00e1s justa, y critic\u00f3 la amnist\u00eda fiscal que beneficia solo a las grandes empresas, se\u00f1alan hoy medios locales. Escobar, citado por el portal web Verdad Digital, se\u00f1al\u00f3 que espera la amnist\u00eda aprobada por [&hellip;]<\/p>\n","protected":false},"author":3,"featured_media":0,"comment_status":"open","ping_status":"open","sticky":false,"template":"","format":"standard","meta":{"footnotes":""},"categories":[19],"tags":[],"class_list":["post-33616","post","type-post","status-publish","format-standard","hentry","category-mi-voz"],"_links":{"self":[{"href":"https:\/\/diariodominicano.com\/index.php?rest_route=\/wp\/v2\/posts\/33616","targetHints":{"allow":["GET"]}}],"collection":[{"href":"https:\/\/diariodominicano.com\/index.php?rest_route=\/wp\/v2\/posts"}],"about":[{"href":"https:\/\/diariodominicano.com\/index.php?rest_route=\/wp\/v2\/types\/post"}],"author":[{"embeddable":true,"href":"https:\/\/diariodominicano.com\/index.php?rest_route=\/wp\/v2\/users\/3"}],"replies":[{"embeddable":true,"href":"https:\/\/diariodominicano.com\/index.php?rest_route=%2Fwp%2Fv2%2Fcomments&post=33616"}],"version-history":[{"count":0,"href":"https:\/\/diariodominicano.com\/index.php?rest_route=\/wp\/v2\/posts\/33616\/revisions"}],"wp:attachment":[{"href":"https:\/\/diariodominicano.com\/index.php?rest_route=%2Fwp%2Fv2%2Fmedia&parent=33616"}],"wp:term":[{"taxonomy":"category","embeddable":true,"href":"https:\/\/diariodominicano.com\/index.php?rest_route=%2Fwp%2Fv2%2Fcategories&post=33616"},{"taxonomy":"post_tag","embeddable":true,"href":"https:\/\/diariodominicano.com\/index.php?rest_route=%2Fwp%2Fv2%2Ftags&post=33616"}],"curies":[{"name":"wp","href":"https:\/\/api.w.org\/{rel}","templated":true}]}}