{"id":33615,"date":"2019-12-16T12:00:59","date_gmt":"2019-12-16T12:00:59","guid":{"rendered":"http:\/\/diariodominicano.ddns.net\/?p=33615"},"modified":"2019-12-16T12:00:59","modified_gmt":"2019-12-16T12:00:59","slug":"diputado-sandinista-refuta-datos-economicos-negativos-en-nicaragua","status":"publish","type":"post","link":"https:\/\/diariodominicano.com\/?p=33615","title":{"rendered":"Diputado sandinista refuta datos econ\u00f3micos negativos en Nicaragua"},"content":{"rendered":"<p><body><\/p>\n<p><img decoding=\"async\" src=\"img3\/nicrg.jpg\" \/>  <\/p>\n<p>Managua, 16 dic (Prensa Latina) El diputado W\u00e1lmaro Guti\u00e9rrez, de la bancada del Frente Sandinista de Liberaci\u00f3n nacional (FSLN), refut\u00f3 hoy datos negativos sobre el panorama econ\u00f3mico de Nicaragua, divulgados recientemente por un medio opositor a ultranza.<\/p>\n<\/p>\n<p>La deuda externa de este pa\u00eds centroamericano, en la actualidad de un 53 por ciento del Producto Interno Bruto (PIB), es altamente sostenible, sostuvo el parlamentario, invitado este lunes al programa Detalles del Momento, del Canal del Estado (6).<\/p>\n<\/p>\n<p>El presidente de la Comisi\u00f3n Econ\u00f3mica de la Asamblea Nacional (parlamento) compar\u00f3 ese dato con el 160 por ciento del PIB que reflejaba la deuda en 2003, en pleno per\u00edodo de los gobiernos neoliberales, rebajada a 80 puntos porcentuales en 2008, segundo a\u00f1o del regreso del sandinismo al poder.<\/p>\n<\/p>\n<p>Adem\u00e1s habr\u00eda que comparar para qu\u00e9 nos endeudaban ellos (los gobiernos neoliberales del per\u00edodo 1990-2006) y para qu\u00e9 lo hace el Ejecutivo del FSLN, que construye hospitales, centros de salud y sobre todo las mejores carreteras de la regi\u00f3n, argument\u00f3.<\/p>\n<\/p>\n<p>El \u00fanico diario impreso de este pa\u00eds, La Prensa, hab\u00eda informado recientemente en un titular que el pa\u00eds no contaba con cooperaci\u00f3n internacional, seg\u00fan el diputado sandinista &#8216;con el \u00fanico objetivo de crear inestabilidad, dudas, confusi\u00f3n, angustias en la poblaci\u00f3n&#8217;.<\/p>\n<\/p>\n<p>Record\u00f3 que al d\u00eda siguiente le refutamos esa mentira al demostrar que s\u00ed tenemos cooperaci\u00f3n internacional, principalmente enfocada a los programas sociales para reducir pobreza y pobreza extrema.<\/p>\n<\/p>\n<p>La hoja oficial de donantes reflej\u00f3 en ese momento que, en vez de la cifra minimizada por la publicaci\u00f3n (cuatro), el pa\u00eds m\u00e1s extenso de Centroam\u00e9rica contaba a esa fecha con 24 donantes y 11 organismos internacionales que le prestan dinero.<\/p>\n<\/p>\n<p>Precis\u00f3 Guti\u00e9rrez que tales pr\u00e9stamos tienen un alto componente de concesi\u00f3n en t\u00e9rminos financieros.<\/p>\n<\/p>\n<p>rgh\/fgn<\/p>\n<h6> 2019-12-16 12:00:59 <\/h6>\n<p><!--\n<link rel=\"stylesheet\" href=\"css\/bootstrap.min.css\">\n\n\n<ul class=\"pagination\">\n\t    \n\t\n\n<li >\n\t<a href='?page_no=981'>Previous<\/a>\n\t<\/li>\n\n\n       \n    \n\n<li><a href='?page_no=1'>1<\/a><\/li>\n\n\n\n<li><a href='?page_no=2'>2<\/a><\/li>\n\n\n\n<li><a>...<\/a><\/li>\n\n\n\n<li><a href='?page_no=980'>980<\/a><\/li>\n\n\n\n<li><a href='?page_no=981'>981<\/a><\/li>\n\n\n\n<li class='active'><a>982<\/a><\/li>\n\n\n\n<li><a href='?page_no=983'>983<\/a><\/li>\n\n\n\n<li><a href='?page_no=984'>984<\/a><\/li>\n\n\n\n<li><a>...<\/a><\/li>\n\n\n\n<li><a href='?page_no=1549'>1549<\/a><\/li>\n\n\n\n<li><a href='?page_no=1550'>1550<\/a><\/li>\n\n    \n\t\n\n<li >\n\t<a href='?page_no=983'>Next<\/a>\n\t<\/li>\n\n\n    \n\n<li><a href='?page_no=1550'>Last &rsaquo;&rsaquo;<\/a><\/li>\n\n<\/ul>\n\n\n--><br \/>\n<\/body><\/p>\n","protected":false},"excerpt":{"rendered":"<p>Managua, 16 dic (Prensa Latina) El diputado W\u00e1lmaro Guti\u00e9rrez, de la bancada del Frente Sandinista de Liberaci\u00f3n nacional (FSLN), refut\u00f3 hoy datos negativos sobre el panorama econ\u00f3mico de Nicaragua, divulgados recientemente por un medio opositor a ultranza. La deuda externa de este pa\u00eds centroamericano, en la actualidad de un 53 por ciento del Producto Interno [&hellip;]<\/p>\n","protected":false},"author":3,"featured_media":0,"comment_status":"open","ping_status":"open","sticky":false,"template":"","format":"standard","meta":{"footnotes":""},"categories":[19],"tags":[],"class_list":["post-33615","post","type-post","status-publish","format-standard","hentry","category-mi-voz"],"_links":{"self":[{"href":"https:\/\/diariodominicano.com\/index.php?rest_route=\/wp\/v2\/posts\/33615","targetHints":{"allow":["GET"]}}],"collection":[{"href":"https:\/\/diariodominicano.com\/index.php?rest_route=\/wp\/v2\/posts"}],"about":[{"href":"https:\/\/diariodominicano.com\/index.php?rest_route=\/wp\/v2\/types\/post"}],"author":[{"embeddable":true,"href":"https:\/\/diariodominicano.com\/index.php?rest_route=\/wp\/v2\/users\/3"}],"replies":[{"embeddable":true,"href":"https:\/\/diariodominicano.com\/index.php?rest_route=%2Fwp%2Fv2%2Fcomments&post=33615"}],"version-history":[{"count":0,"href":"https:\/\/diariodominicano.com\/index.php?rest_route=\/wp\/v2\/posts\/33615\/revisions"}],"wp:attachment":[{"href":"https:\/\/diariodominicano.com\/index.php?rest_route=%2Fwp%2Fv2%2Fmedia&parent=33615"}],"wp:term":[{"taxonomy":"category","embeddable":true,"href":"https:\/\/diariodominicano.com\/index.php?rest_route=%2Fwp%2Fv2%2Fcategories&post=33615"},{"taxonomy":"post_tag","embeddable":true,"href":"https:\/\/diariodominicano.com\/index.php?rest_route=%2Fwp%2Fv2%2Ftags&post=33615"}],"curies":[{"name":"wp","href":"https:\/\/api.w.org\/{rel}","templated":true}]}}