{"id":33614,"date":"2019-12-16T12:04:06","date_gmt":"2019-12-16T12:04:06","guid":{"rendered":"http:\/\/diariodominicano.ddns.net\/?p=33614"},"modified":"2019-12-16T12:04:06","modified_gmt":"2019-12-16T12:04:06","slug":"amplia-mayoria-de-chilenos-por-nueva-constitucion","status":"publish","type":"post","link":"https:\/\/diariodominicano.com\/?p=33614","title":{"rendered":"Amplia mayor\u00eda de chilenos por nueva Constituci\u00f3n"},"content":{"rendered":"<p><body><\/p>\n<p><img decoding=\"async\" src=\"img3\/chilc1.jpg\" \/>  <\/p>\n<p>Santiago de Chile, 16 dic (Prensa Latina) Con un total de dos millones 114 mil 075 votos escrutados preliminarmente, la consulta ciudadana convocada por la Asociaci\u00f3n Chilena de Municipalidades (AChM) mostr\u00f3 el respaldo de la poblaci\u00f3n a una nueva constituci\u00f3n.<\/p>\n<\/p>\n<p>Del total de votos computados hasta cerca de la media noche del domingo, m\u00e1s del 80 por ciento dio su respaldo a una nueva carta magna.<\/p>\n<\/p>\n<p>Tambi\u00e9n, una amplia mayor\u00eda propone que el mecanismo para llegar a la constituci\u00f3n sea con total participaci\u00f3n de la ciudadan\u00eda, sin los legisladores actualmente en ejercicio.<\/p>\n<\/p>\n<p>La Consulta Ciudadana se realiz\u00f3 en 225 comunas a lo largo del pa\u00eds, y para esta tarde la AChM prev\u00e9 entregar los datos totales de la votaci\u00f3n realizada este domingo.<\/p>\n<\/p>\n<p>Dicha consulta comenz\u00f3 desde el mi\u00e9rcoles a trav\u00e9s de p\u00e1ginas web de los municipios, pero el momento crucial fue la v\u00edspera cuando se realiz\u00f3 el voto presencial en la mayor\u00eda de los municipios.<\/p>\n<\/p>\n<p>Germ\u00e1n Codina, presidente de la AChM, dijo este lunes que el proceso constituye un hito para lograr la m\u00e1s efectiva participaci\u00f3n de la ciudadan\u00eda en la toma de decisiones y asegur\u00f3 que cuando m\u00e1s de dos millones de personas se manifiestan hay que tenerlas en cuenta aun cuando la consulta no sea vinculante.<\/p>\n<\/p>\n<p>Asimismo, en lo referente a las demandas sociales expuestas por el movimiento social desde el pasado 18 de octubre, las m\u00e1s reclamadas en las preguntas fueron el mejoramiento de las pensiones y la calidad de vida de los adultos mayores y elevar la calidad de la salud p\u00fablica y la educaci\u00f3n con posibilidades para todos.<\/p>\n<\/p>\n<p>No obstante, como cada municipio ten\u00eda facultades para hacer la consulta a su manera algunas agregaron o quitaron temas, como es el caso de los acaudalados municipios de Las Condes, Vitacura y Lo Barnechea, que significativamente prescindieron de la pregunta sobre la constituci\u00f3n.<\/p>\n<\/p>\n<p>En otros, en cambio, se a\u00f1adi\u00f3 a las variantes de Convenci\u00f3n Constituyente y Convenci\u00f3n Mixta, la de Asamblea Constituyente como v\u00eda para la ley fundamental, y en ellos est\u00e1 propuesta pr\u00e1cticamente arras\u00f3.<\/p>\n<\/p>\n<p>Codina advirti\u00f3 que aunque estos cambios no afectan el proceso final, las papeletas que hayan sido modificadas o eliminadas no ser\u00e1n contadas dentro del total.<\/p>\n<\/p>\n<p>Asimismo, asegur\u00f3 que este proceso en nada perjudica el plebiscito convocado para abril de 2020, sino que constituye un medio para que las personas est\u00e9n mejor informadas para cuando llegue ese momento c\u00f3mo expresar su voto.<\/p>\n<\/p>\n<p>Los datos aportados por este escrutinio ser\u00e1n entregado lo m\u00e1s r\u00e1pido posible a las autoridades del pa\u00eds, para que la opini\u00f3n popular sea tenida en cuenta en las decisiones gubernamentales, aseguraron desde la AChM.<\/p>\n<\/p>\n<p>tgj\/rc<\/p>\n<h6> 2019-12-16 12:04:06 <\/h6>\n<p><!--\n<link rel=\"stylesheet\" href=\"css\/bootstrap.min.css\">\n\n\n<ul class=\"pagination\">\n\t    \n\t\n\n<li >\n\t<a href='?page_no=980'>Previous<\/a>\n\t<\/li>\n\n\n       \n    \n\n<li><a href='?page_no=1'>1<\/a><\/li>\n\n\n\n<li><a href='?page_no=2'>2<\/a><\/li>\n\n\n\n<li><a>...<\/a><\/li>\n\n\n\n<li><a href='?page_no=979'>979<\/a><\/li>\n\n\n\n<li><a href='?page_no=980'>980<\/a><\/li>\n\n\n\n<li class='active'><a>981<\/a><\/li>\n\n\n\n<li><a href='?page_no=982'>982<\/a><\/li>\n\n\n\n<li><a href='?page_no=983'>983<\/a><\/li>\n\n\n\n<li><a>...<\/a><\/li>\n\n\n\n<li><a href='?page_no=1549'>1549<\/a><\/li>\n\n\n\n<li><a href='?page_no=1550'>1550<\/a><\/li>\n\n    \n\t\n\n<li >\n\t<a href='?page_no=982'>Next<\/a>\n\t<\/li>\n\n\n    \n\n<li><a href='?page_no=1550'>Last &rsaquo;&rsaquo;<\/a><\/li>\n\n<\/ul>\n\n\n--><br \/>\n<\/body><\/p>\n","protected":false},"excerpt":{"rendered":"<p>Santiago de Chile, 16 dic (Prensa Latina) Con un total de dos millones 114 mil 075 votos escrutados preliminarmente, la consulta ciudadana convocada por la Asociaci\u00f3n Chilena de Municipalidades (AChM) mostr\u00f3 el respaldo de la poblaci\u00f3n a una nueva constituci\u00f3n. Del total de votos computados hasta cerca de la media noche del domingo, m\u00e1s del [&hellip;]<\/p>\n","protected":false},"author":3,"featured_media":0,"comment_status":"open","ping_status":"open","sticky":false,"template":"","format":"standard","meta":{"footnotes":""},"categories":[19],"tags":[],"class_list":["post-33614","post","type-post","status-publish","format-standard","hentry","category-mi-voz"],"_links":{"self":[{"href":"https:\/\/diariodominicano.com\/index.php?rest_route=\/wp\/v2\/posts\/33614","targetHints":{"allow":["GET"]}}],"collection":[{"href":"https:\/\/diariodominicano.com\/index.php?rest_route=\/wp\/v2\/posts"}],"about":[{"href":"https:\/\/diariodominicano.com\/index.php?rest_route=\/wp\/v2\/types\/post"}],"author":[{"embeddable":true,"href":"https:\/\/diariodominicano.com\/index.php?rest_route=\/wp\/v2\/users\/3"}],"replies":[{"embeddable":true,"href":"https:\/\/diariodominicano.com\/index.php?rest_route=%2Fwp%2Fv2%2Fcomments&post=33614"}],"version-history":[{"count":0,"href":"https:\/\/diariodominicano.com\/index.php?rest_route=\/wp\/v2\/posts\/33614\/revisions"}],"wp:attachment":[{"href":"https:\/\/diariodominicano.com\/index.php?rest_route=%2Fwp%2Fv2%2Fmedia&parent=33614"}],"wp:term":[{"taxonomy":"category","embeddable":true,"href":"https:\/\/diariodominicano.com\/index.php?rest_route=%2Fwp%2Fv2%2Fcategories&post=33614"},{"taxonomy":"post_tag","embeddable":true,"href":"https:\/\/diariodominicano.com\/index.php?rest_route=%2Fwp%2Fv2%2Ftags&post=33614"}],"curies":[{"name":"wp","href":"https:\/\/api.w.org\/{rel}","templated":true}]}}