{"id":333727,"date":"2022-02-24T12:29:08","date_gmt":"2022-02-24T16:29:08","guid":{"rendered":"http:\/\/diariodominicano.com\/?p=333727"},"modified":"2022-02-24T12:30:23","modified_gmt":"2022-02-24T16:30:23","slug":"direccion-general-pn-entrega-indumentarias-y-accesorios-en-regional-cibao-central-general-rodriguez-garcia-expresa-gratitud-y-regocijo","status":"publish","type":"post","link":"https:\/\/diariodominicano.com\/?p=333727","title":{"rendered":"Direcci\u00f3n General PN entrega indumentarias y accesorios en Regional Cibao Central; general Rodr\u00edguez Garc\u00eda expresa gratitud y regocijo"},"content":{"rendered":"\n<figure class=\"wp-block-image size-full\"><img loading=\"lazy\" decoding=\"async\" width=\"750\" height=\"398\" src=\"https:\/\/diariodominicano.com\/wp-content\/uploads\/2022\/02\/pn-santiago24022.png\" alt=\"\" class=\"wp-image-333730\" srcset=\"https:\/\/diariodominicano.com\/wp-content\/uploads\/2022\/02\/pn-santiago24022.png 750w, https:\/\/diariodominicano.com\/wp-content\/uploads\/2022\/02\/pn-santiago24022-300x159.png 300w\" sizes=\"auto, (max-width: 750px) 100vw, 750px\" \/><\/figure>\n\n\n\n<p><\/p>\n\n\n\n<p><strong>Santiago de los Caballeros, R.D., 24 febrero 2022.-<\/strong>&nbsp;La Direcci\u00f3n General de la Polic\u00eda Nacional implementa en la Direcci\u00f3n Regional Cibao Central, desde el martes de la semana en curso  hasta este jueves, la entrega de uniformes a sus miembros, en inter\u00e9s de equiparlos de las indumentarias necesarias para elevar su aspecto presencial, la dignidad y el decoro frente a la sociedad.<\/p>\n\n\n\n<p>La jornada de entrega abarca a todas las direcciones regionales del pa\u00eds, dentro del Plan de Reforma y Modernizaci\u00f3n, que, hacia lo interno de la instituci\u00f3n, ejecuta la Presidencia de la Rep\u00fablica, a trav\u00e9s del Ministerio de Interior y Polic\u00eda, inform\u00f3 en un comunicado de prensa la Direcci\u00f3n Regional Cibao Central Polic\u00eda Nacional.<\/p>\n\n\n\n<figure class=\"wp-block-image size-full\"><img loading=\"lazy\" decoding=\"async\" width=\"750\" height=\"408\" src=\"https:\/\/diariodominicano.com\/wp-content\/uploads\/2022\/02\/pn-santiago240203.png\" alt=\"\" class=\"wp-image-333731\" srcset=\"https:\/\/diariodominicano.com\/wp-content\/uploads\/2022\/02\/pn-santiago240203.png 750w, https:\/\/diariodominicano.com\/wp-content\/uploads\/2022\/02\/pn-santiago240203-300x163.png 300w\" sizes=\"auto, (max-width: 750px) 100vw, 750px\" \/><\/figure>\n\n\n\n<p>El mayor general Eduardo Alberto Then, envi\u00f3 a la sede regional con asiento en Santiago, varios camiones repletos de chamacos, pantalones, camisas mangas largas y mangas cortas, botas, zapatos, gorras, corbatas y medias, entre otros accesorios<\/p>\n\n\n\n<p>Tras valorar la entrega de los uniformes, el director regional Cibao Central, general Ernesto Rodr\u00edguez Garc\u00eda, expres\u00f3 gratitud y regocijo por la iniciativa del mayor general Then, de abastecer a los miembros policiales de las indumentarias necesarias para poder desarrollar un buen servicio a favor de toda la ciudadana.<\/p>\n\n\n\n<p>La entrega de los uniformes estuvo a cargo de un equipo de oficiales que se desplaz\u00f3 desde el Palacio de la Polic\u00eda Nacional, en Santo Domingo, y se realiz\u00f3 en coordinaci\u00f3n con oficiales adscritos a la Direcci\u00f3n Regional Cibao Central, bajo la estricta supervisi\u00f3n del general Rodr\u00edguez Garc\u00eda.<\/p>\n\n\n\n<p>Durante el proceso de distribuci\u00f3n, el general Rodr\u00edguez Garc\u00eda, en nombre del mayor general Eduardo Alberto Then, ha socializado fraternalmente con sus subalternos, a quienes exhort\u00f3 a honrar el uniforme gris, dispensando buen trato al ciudadano, protegiendo vidas y propiedades, para el beneficio de la Patria.<\/p>\n\n\n\n<p>polic\u00eda nacional<a rel=\"noreferrer noopener\" target=\"_blank\" href=\"mailto:npolicia14@gmail.com\">npolicia14@gmail.com<\/a><\/p>\n\n\n\n<p>OFICINA DE INFORMACION Y COMUNICACIONES ESTRATEGICAS DE LA DIRECCION REGIONAL CIBAO CENTRAL, P.N.<\/p>\n","protected":false},"excerpt":{"rendered":"<p>Santiago de los Caballeros, R.D., 24 febrero 2022.-&nbsp;La Direcci\u00f3n General de la Polic\u00eda Nacional implementa en la Direcci\u00f3n Regional Cibao Central, desde el martes de la semana en curso hasta este jueves, la entrega de uniformes a sus miembros, en inter\u00e9s de equiparlos de las indumentarias necesarias para elevar su aspecto presencial, la dignidad y [&hellip;]<\/p>\n","protected":false},"author":2,"featured_media":333729,"comment_status":"closed","ping_status":"","sticky":true,"template":"","format":"standard","meta":{"footnotes":""},"categories":[29,27],"tags":[],"class_list":["post-333727","post","type-post","status-publish","format-standard","has-post-thumbnail","hentry","category-policiasucesos","category-portada"],"_links":{"self":[{"href":"https:\/\/diariodominicano.com\/index.php?rest_route=\/wp\/v2\/posts\/333727","targetHints":{"allow":["GET"]}}],"collection":[{"href":"https:\/\/diariodominicano.com\/index.php?rest_route=\/wp\/v2\/posts"}],"about":[{"href":"https:\/\/diariodominicano.com\/index.php?rest_route=\/wp\/v2\/types\/post"}],"author":[{"embeddable":true,"href":"https:\/\/diariodominicano.com\/index.php?rest_route=\/wp\/v2\/users\/2"}],"replies":[{"embeddable":true,"href":"https:\/\/diariodominicano.com\/index.php?rest_route=%2Fwp%2Fv2%2Fcomments&post=333727"}],"version-history":[{"count":2,"href":"https:\/\/diariodominicano.com\/index.php?rest_route=\/wp\/v2\/posts\/333727\/revisions"}],"predecessor-version":[{"id":333733,"href":"https:\/\/diariodominicano.com\/index.php?rest_route=\/wp\/v2\/posts\/333727\/revisions\/333733"}],"wp:featuredmedia":[{"embeddable":true,"href":"https:\/\/diariodominicano.com\/index.php?rest_route=\/wp\/v2\/media\/333729"}],"wp:attachment":[{"href":"https:\/\/diariodominicano.com\/index.php?rest_route=%2Fwp%2Fv2%2Fmedia&parent=333727"}],"wp:term":[{"taxonomy":"category","embeddable":true,"href":"https:\/\/diariodominicano.com\/index.php?rest_route=%2Fwp%2Fv2%2Fcategories&post=333727"},{"taxonomy":"post_tag","embeddable":true,"href":"https:\/\/diariodominicano.com\/index.php?rest_route=%2Fwp%2Fv2%2Ftags&post=333727"}],"curies":[{"name":"wp","href":"https:\/\/api.w.org\/{rel}","templated":true}]}}