{"id":333719,"date":"2022-02-24T12:21:09","date_gmt":"2022-02-24T16:21:09","guid":{"rendered":"http:\/\/diariodominicano.com\/?p=333719"},"modified":"2022-02-24T12:21:09","modified_gmt":"2022-02-24T16:21:09","slug":"presentan-ante-mp-ciudadana-detenida-en-aic-con-us72090-00-dolares-no-declarados-en-aduana","status":"publish","type":"post","link":"https:\/\/diariodominicano.com\/?p=333719","title":{"rendered":"Presentan ante MP ciudadana detenida en AIC con US$72,090.00 d\u00f3lares no declarados en Aduana"},"content":{"rendered":"\n<h2 class=\"wp-block-heading\" id=\":sj\">Jessenia Hern\u00e1ndez <\/h2>\n\n\n\n<p>Externa<\/p>\n\n\n\n<figure class=\"wp-block-table\"><table><tbody><tr><td><\/td><td><\/td><td><\/td><td><img decoding=\"async\" src=\"https:\/\/mail.google.com\/mail\/u\/1\/images\/cleardot.gif\" alt=\"\"><img decoding=\"async\" src=\"https:\/\/mail.google.com\/mail\/u\/1\/images\/cleardot.gif\" alt=\"\"><\/td><\/tr><tr><td>\u00a0<\/td><\/tr><\/tbody><\/table><\/figure>\n\n\n\n<p><strong>Santiago de los Caballeros, R.D., 24 febrero 2022<\/strong>.- La Polic\u00eda Nacional inform\u00f3 este jueves que fue presentada por ante el Ministerio P\u00fablico, de este distrito judicial, una mujer apresada en el Aeropuerto Internacional del Cibao, con US$72,090.00 d\u00f3lares, no declarados en Aduana.<\/p>\n\n\n\n<p>La  Direcci\u00f3n Regional Cibao Central Polic\u00eda Nacional  precis\u00f3  en una nota de prensa  que se trata de la dom\u00e9stica Jessenia Hern\u00e1ndez, de 34 a\u00f1os de edad, residente en la comunidad de Junumuc\u00fa, Jima Abajo, provincia de\u00a0 La Vega, quien fue detenida al arribar al pa\u00eds por la terminal a\u00e9rea, en un vuelo procedente de la ciudad de New York.<\/p>\n\n\n\n<p>La ocupaci\u00f3n de los d\u00f3lares y posterior detenci\u00f3n de la ciudadana Hern\u00e1ndez, se produjo tras ser revisado su equipaje, mediante inspecci\u00f3n de rayos X por autoridades aduaneras, siendo \u00e9sta apoderada por ante el Ministerio P\u00fablico, en horas de la ma\u00f1ana del d\u00eda 22 de febrero en curso, para los fines legales correspondientes.<\/p>\n\n\n\n<p>&nbsp;OFICINA DE INFORMACION Y COMUNICACIONES ESTRATEGICAS DE LA DIRECCION REGIONAL CIBAO CENTRAL, P.N.&nbsp;<\/p>\n","protected":false},"excerpt":{"rendered":"<p>Jessenia Hern\u00e1ndez Externa \u00a0 Santiago de los Caballeros, R.D., 24 febrero 2022.- La Polic\u00eda Nacional inform\u00f3 este jueves que fue presentada por ante el Ministerio P\u00fablico, de este distrito judicial, una mujer apresada en el Aeropuerto Internacional del Cibao, con US$72,090.00 d\u00f3lares, no declarados en Aduana. La Direcci\u00f3n Regional Cibao Central Polic\u00eda Nacional precis\u00f3 en [&hellip;]<\/p>\n","protected":false},"author":2,"featured_media":333723,"comment_status":"closed","ping_status":"","sticky":true,"template":"","format":"standard","meta":{"footnotes":""},"categories":[29,27],"tags":[],"class_list":["post-333719","post","type-post","status-publish","format-standard","has-post-thumbnail","hentry","category-policiasucesos","category-portada"],"_links":{"self":[{"href":"https:\/\/diariodominicano.com\/index.php?rest_route=\/wp\/v2\/posts\/333719","targetHints":{"allow":["GET"]}}],"collection":[{"href":"https:\/\/diariodominicano.com\/index.php?rest_route=\/wp\/v2\/posts"}],"about":[{"href":"https:\/\/diariodominicano.com\/index.php?rest_route=\/wp\/v2\/types\/post"}],"author":[{"embeddable":true,"href":"https:\/\/diariodominicano.com\/index.php?rest_route=\/wp\/v2\/users\/2"}],"replies":[{"embeddable":true,"href":"https:\/\/diariodominicano.com\/index.php?rest_route=%2Fwp%2Fv2%2Fcomments&post=333719"}],"version-history":[{"count":1,"href":"https:\/\/diariodominicano.com\/index.php?rest_route=\/wp\/v2\/posts\/333719\/revisions"}],"predecessor-version":[{"id":333724,"href":"https:\/\/diariodominicano.com\/index.php?rest_route=\/wp\/v2\/posts\/333719\/revisions\/333724"}],"wp:featuredmedia":[{"embeddable":true,"href":"https:\/\/diariodominicano.com\/index.php?rest_route=\/wp\/v2\/media\/333723"}],"wp:attachment":[{"href":"https:\/\/diariodominicano.com\/index.php?rest_route=%2Fwp%2Fv2%2Fmedia&parent=333719"}],"wp:term":[{"taxonomy":"category","embeddable":true,"href":"https:\/\/diariodominicano.com\/index.php?rest_route=%2Fwp%2Fv2%2Fcategories&post=333719"},{"taxonomy":"post_tag","embeddable":true,"href":"https:\/\/diariodominicano.com\/index.php?rest_route=%2Fwp%2Fv2%2Ftags&post=333719"}],"curies":[{"name":"wp","href":"https:\/\/api.w.org\/{rel}","templated":true}]}}