{"id":333337,"date":"2022-02-23T00:51:52","date_gmt":"2022-02-23T04:51:52","guid":{"rendered":"http:\/\/diariodominicano.com\/?p=333337"},"modified":"2022-02-23T00:51:52","modified_gmt":"2022-02-23T04:51:52","slug":"juegos-centroamericanos-seran-sin-recursos-publicos-de-costa-rica","status":"publish","type":"post","link":"https:\/\/diariodominicano.com\/?p=333337","title":{"rendered":"Juegos Centroamericanos ser\u00e1n sin recursos p\u00fablicos de Costa Rica"},"content":{"rendered":"\n<h1 class=\"wp-block-heading\"><\/h1>\n\n\n\n<p>San Jos\u00e9, 22 feb (Prensa Latina) La ministra del Deporte Karla Alem\u00e1n afirm\u00f3 hoy que la coorganizaci\u00f3n con Guatemala de los XII Juegos Deportivos Centroamericanos no constituir\u00e1n una erogaci\u00f3n de recursos p\u00fablicos de Costa Rica.<\/p>\n\n\n\n<ul class=\"wp-block-list\"><li>febrero 22, 2022<\/li><li>CST21:48 (GMT) -0500<\/li><\/ul>\n\n\n\n<p>La cita deportiva regional recibir\u00e1 aportes de la Organizaci\u00f3n Panamericana del Deporte, el m\u00e1ximo ente rector en el continente, pero no se descarta buscar recursos de patrocinios con diferentes entidades, explic\u00f3 Alem\u00e1n en el Consejo de Gobierno.<\/p>\n\n\n\n<p>Refiri\u00f3 que en reuni\u00f3n el fin de semana anterior de la Organizaci\u00f3n Deportiva Centroamericana (Ordeca), los comit\u00e9s ol\u00edmpicos acordaron que Costa Rica y Guatemala organizar\u00e1n conjuntamente los XII Juegos Deportivos Centroamericanos, entre octubre y noviembre del presente a\u00f1o.<\/p>\n\n\n\n<p>La decisi\u00f3n fue adoptada luego de no haberse podido efectuar en el 2021 por la pandemia y por la renuncia por parte de la ciudad de Santa Tecla, en El Salvador.<\/p>\n\n\n\n<p>Alem\u00e1n se\u00f1al\u00f3 que resulta un esfuerzo de los comit\u00e9s ol\u00edmpicos y de las federaciones deportivas de cada pa\u00eds del \u00e1rea para salvar esta edici\u00f3n, ya que si no se hacen en este 2022 ya no podr\u00e1n efectuarse por el choque con otros eventos del ciclo ol\u00edmpico.<\/p>\n\n\n\n<p>Revel\u00f3 adem\u00e1s que varias disciplinas deportivas tienen campeonatos centroamericanos, por lo que lo har\u00e1n bajo el amparo del evento regional como una manera de abaratar costos.<\/p>\n\n\n\n<p>msm\/ale<\/p>\n","protected":false},"excerpt":{"rendered":"<p>San Jos\u00e9, 22 feb (Prensa Latina) La ministra del Deporte Karla Alem\u00e1n afirm\u00f3 hoy que la coorganizaci\u00f3n con Guatemala de los XII Juegos Deportivos Centroamericanos no constituir\u00e1n una erogaci\u00f3n de recursos p\u00fablicos de Costa Rica. febrero 22, 2022 CST21:48 (GMT) -0500 La cita deportiva regional recibir\u00e1 aportes de la Organizaci\u00f3n Panamericana del Deporte, el m\u00e1ximo [&hellip;]<\/p>\n","protected":false},"author":28,"featured_media":333338,"comment_status":"closed","ping_status":"","sticky":false,"template":"","format":"standard","meta":{"footnotes":""},"categories":[17],"tags":[],"class_list":["post-333337","post","type-post","status-publish","format-standard","has-post-thumbnail","hentry","category-deportes"],"_links":{"self":[{"href":"https:\/\/diariodominicano.com\/index.php?rest_route=\/wp\/v2\/posts\/333337","targetHints":{"allow":["GET"]}}],"collection":[{"href":"https:\/\/diariodominicano.com\/index.php?rest_route=\/wp\/v2\/posts"}],"about":[{"href":"https:\/\/diariodominicano.com\/index.php?rest_route=\/wp\/v2\/types\/post"}],"author":[{"embeddable":true,"href":"https:\/\/diariodominicano.com\/index.php?rest_route=\/wp\/v2\/users\/28"}],"replies":[{"embeddable":true,"href":"https:\/\/diariodominicano.com\/index.php?rest_route=%2Fwp%2Fv2%2Fcomments&post=333337"}],"version-history":[{"count":1,"href":"https:\/\/diariodominicano.com\/index.php?rest_route=\/wp\/v2\/posts\/333337\/revisions"}],"predecessor-version":[{"id":333339,"href":"https:\/\/diariodominicano.com\/index.php?rest_route=\/wp\/v2\/posts\/333337\/revisions\/333339"}],"wp:featuredmedia":[{"embeddable":true,"href":"https:\/\/diariodominicano.com\/index.php?rest_route=\/wp\/v2\/media\/333338"}],"wp:attachment":[{"href":"https:\/\/diariodominicano.com\/index.php?rest_route=%2Fwp%2Fv2%2Fmedia&parent=333337"}],"wp:term":[{"taxonomy":"category","embeddable":true,"href":"https:\/\/diariodominicano.com\/index.php?rest_route=%2Fwp%2Fv2%2Fcategories&post=333337"},{"taxonomy":"post_tag","embeddable":true,"href":"https:\/\/diariodominicano.com\/index.php?rest_route=%2Fwp%2Fv2%2Ftags&post=333337"}],"curies":[{"name":"wp","href":"https:\/\/api.w.org\/{rel}","templated":true}]}}