{"id":333309,"date":"2022-02-22T23:14:49","date_gmt":"2022-02-23T03:14:49","guid":{"rendered":"http:\/\/diariodominicano.com\/?p=333309"},"modified":"2022-02-22T23:14:49","modified_gmt":"2022-02-23T03:14:49","slug":"dominicanos-caen-en-inicio-torneos-m25-y-w25-que-se-juega-en-el-parque-del-este","status":"publish","type":"post","link":"https:\/\/diariodominicano.com\/?p=333309","title":{"rendered":"Dominicanos caen en inicio torneos M25 y W25 que se juega en el Parque del Este"},"content":{"rendered":"\n<p> Kelly Williford (DOM) en acci\u00f3n en el W25 que se juega en el Parque del Este.\u00a0 <\/p>\n\n\n\n<p><strong>SANTO DOMINGO.-<\/strong> Este martes se dio inicio formalmente a los torneos M25 y W25, en donde participan 176 jugadores de 29 pa\u00edses, en las canchas de tenis del Parque del Este. \u00a0<\/p>\n\n\n\n<p>Este martes la cartelera fue reducida por la lluvia que impidi\u00f3 que se jugar\u00e1n los partidos de dobles.<\/p>\n\n\n\n<p>En sencillos, las dominicanas no consiguieron victorias en la primera ronda y fueron descalificadas; Kelly Williford perdi\u00f3 ante la estadounidense Jamilah Snells por 7-5 5-7 6-1. Feidi Abreu cay\u00f3 por 6-0 6-1 de Marie Villet (FRA). Carolina Chatti 6-0 6-0 perdi\u00f3 ante Christina Rosca (USA). Mar\u00eda Gell fue derrotada 6-0 6-0 por Oliva Lincer (USA).<\/p>\n\n\n\n<p>Los partidos de dobles fueron reprogramados para este mi\u00e9rcoles. El torneo sigue a partir de las 9:30 de la ma\u00f1ana, totalmente gratis.<\/p>\n\n\n\n<p>El torneo W25 otorga 18 puntos WTA para la campeona y el M25 sumar\u00e1 18 puntos ATP para el campe\u00f3n.<\/p>\n\n\n\n<p>Cada uno de los eventos reparte 25 mil d\u00f3lares entre los jugadores, para una bolsa total de 50 mil d\u00f3lares.<\/p>\n\n\n\n<p>En el torneo participan tenistas de Rusia, Francia, Estados Unidos, Italia, Argentina, Ucrania, Canad\u00e1, Taiw\u00e1n, Costa Rica, Brasil, Israel, Ecuador, Alemania, Colombia, Holanda, &nbsp;entre otros.<\/p>\n\n\n\n<p>Esta es la primera de dos semanas consecutivas de torneos mixtos que albergar\u00e1 la Federaci\u00f3n Dominicana de Tenis (Fedotenis).<\/p>\n\n\n\n<p>Patrocinan el evento El Nuevo Diario, Transporte Sheila, Creso, Vilas Tennis Academy, ITF y Wilson. &nbsp;&nbsp;<\/p>\n\n\n\n<p>Estos torneos internacionales son organizados por la Fedotenis y hacen parte de los eventos pertenecientes al circuito profesional de la Federaci\u00f3n Internacional de Tenis (ITF) que se tienen programados para este a\u00f1o en el pa\u00eds.<\/p>\n\n\n\n<p>William Ernesto Aish L\u00f3pez<a rel=\"noreferrer noopener\" target=\"_blank\" href=\"mailto:williamaishgolf@gmail.com\">williamaishgolf@gmail.com<\/a><\/p>\n\n\n\n<p><\/p>\n","protected":false},"excerpt":{"rendered":"<p>Kelly Williford (DOM) en acci\u00f3n en el W25 que se juega en el Parque del Este.\u00a0 SANTO DOMINGO.- Este martes se dio inicio formalmente a los torneos M25 y W25, en donde participan 176 jugadores de 29 pa\u00edses, en las canchas de tenis del Parque del Este. \u00a0 Este martes la cartelera fue reducida por [&hellip;]<\/p>\n","protected":false},"author":28,"featured_media":333310,"comment_status":"closed","ping_status":"","sticky":true,"template":"","format":"standard","meta":{"footnotes":""},"categories":[17,27],"tags":[],"class_list":["post-333309","post","type-post","status-publish","format-standard","has-post-thumbnail","hentry","category-deportes","category-portada"],"_links":{"self":[{"href":"https:\/\/diariodominicano.com\/index.php?rest_route=\/wp\/v2\/posts\/333309","targetHints":{"allow":["GET"]}}],"collection":[{"href":"https:\/\/diariodominicano.com\/index.php?rest_route=\/wp\/v2\/posts"}],"about":[{"href":"https:\/\/diariodominicano.com\/index.php?rest_route=\/wp\/v2\/types\/post"}],"author":[{"embeddable":true,"href":"https:\/\/diariodominicano.com\/index.php?rest_route=\/wp\/v2\/users\/28"}],"replies":[{"embeddable":true,"href":"https:\/\/diariodominicano.com\/index.php?rest_route=%2Fwp%2Fv2%2Fcomments&post=333309"}],"version-history":[{"count":1,"href":"https:\/\/diariodominicano.com\/index.php?rest_route=\/wp\/v2\/posts\/333309\/revisions"}],"predecessor-version":[{"id":333311,"href":"https:\/\/diariodominicano.com\/index.php?rest_route=\/wp\/v2\/posts\/333309\/revisions\/333311"}],"wp:featuredmedia":[{"embeddable":true,"href":"https:\/\/diariodominicano.com\/index.php?rest_route=\/wp\/v2\/media\/333310"}],"wp:attachment":[{"href":"https:\/\/diariodominicano.com\/index.php?rest_route=%2Fwp%2Fv2%2Fmedia&parent=333309"}],"wp:term":[{"taxonomy":"category","embeddable":true,"href":"https:\/\/diariodominicano.com\/index.php?rest_route=%2Fwp%2Fv2%2Fcategories&post=333309"},{"taxonomy":"post_tag","embeddable":true,"href":"https:\/\/diariodominicano.com\/index.php?rest_route=%2Fwp%2Fv2%2Ftags&post=333309"}],"curies":[{"name":"wp","href":"https:\/\/api.w.org\/{rel}","templated":true}]}}