{"id":333155,"date":"2022-02-22T13:32:03","date_gmt":"2022-02-22T17:32:03","guid":{"rendered":"http:\/\/diariodominicano.com\/?p=333155"},"modified":"2022-02-22T14:09:35","modified_gmt":"2022-02-22T18:09:35","slug":"apresan-seis-personas-por-violencia-de-genero-e-intrafamiliar-en-santiago","status":"publish","type":"post","link":"https:\/\/diariodominicano.com\/?p=333155","title":{"rendered":"Detenidas seis personas por violencia de g\u00e9nero e intrafamiliar en Santiago\u00a0"},"content":{"rendered":"\n<p>Diariodominicano.com<\/p>\n\n\n\n<p><\/p>\n\n\n\n<p><strong>Santiago de los Caballeros, R.D., 22 febrero 2022.-<\/strong>Seis personas fueron apresadas en las \u00faltimas 24 horas, en distintos sectores de esta ciudad, acusadas de violencia de g\u00e9nero e intrafamiliar, inform\u00f3 este martes en un comunicado de prensa la <strong>Direcci\u00f3n Regional Cibao Central<\/strong> <strong>Polic\u00eda Nacional<\/strong>.&nbsp;<\/p>\n\n\n\n<p><strong>Los detenidos son Randy Rafael Rodr\u00edguez Dur\u00e1n, Darlin Altagracia Correa Rosa, Joselin Rodr\u00edguez, Antonio de Jes\u00fas Torres Torres, Expedito Antonio Espinal Dur\u00e1n y Gabriela Espinal L\u00f3pez.<\/strong><\/p>\n\n\n\n<p>Los apresamientos se produjeron en los sectores Los Guandules, Mari L\u00f3pez, ensanche Libertad, Pu\u00f1al, El Tamarindo y Hato del Yaque, donde solo Rodr\u00edguez Duran fue detenido con una orden de arresto y los dem\u00e1s en flagrante delito.&nbsp;<\/p>\n\n\n\n<p>Los apresados ser\u00e1n puestos a disposici\u00f3n de la justicia, dentro de las pr\u00f3ximas horas, tras denuncias presentadas en su contra por las personas agraviadas, entre ellas, Rhina Arelys Rojas, Wendy Correa Rosa, Leidy Altagracia Plasencia Florentino y Mar\u00eda G\u00f3mez.&nbsp;<\/p>\n\n\n\n<p> <strong>Direcci\u00f3n Regional Cibao Central<\/strong> <strong>Polic\u00eda Nacional&nbsp;<\/strong> <\/p>\n\n\n\n<p><strong>OFICINA DE INFORMACION Y COMUNICACIONES ESTRAT\u00c9GICAS DE LA DIRECCION REGIONAL CIBAO CENTRAL, P.N.<\/strong><\/p>\n","protected":false},"excerpt":{"rendered":"<p>Diariodominicano.com Santiago de los Caballeros, R.D., 22 febrero 2022.-Seis personas fueron apresadas en las \u00faltimas 24 horas, en distintos sectores de esta ciudad, acusadas de violencia de g\u00e9nero e intrafamiliar, inform\u00f3 este martes en un comunicado de prensa la Direcci\u00f3n Regional Cibao Central Polic\u00eda Nacional.&nbsp; Los detenidos son Randy Rafael Rodr\u00edguez Dur\u00e1n, Darlin Altagracia Correa [&hellip;]<\/p>\n","protected":false},"author":2,"featured_media":333157,"comment_status":"closed","ping_status":"","sticky":true,"template":"","format":"standard","meta":{"footnotes":""},"categories":[29,27],"tags":[],"class_list":["post-333155","post","type-post","status-publish","format-standard","has-post-thumbnail","hentry","category-policiasucesos","category-portada"],"_links":{"self":[{"href":"https:\/\/diariodominicano.com\/index.php?rest_route=\/wp\/v2\/posts\/333155","targetHints":{"allow":["GET"]}}],"collection":[{"href":"https:\/\/diariodominicano.com\/index.php?rest_route=\/wp\/v2\/posts"}],"about":[{"href":"https:\/\/diariodominicano.com\/index.php?rest_route=\/wp\/v2\/types\/post"}],"author":[{"embeddable":true,"href":"https:\/\/diariodominicano.com\/index.php?rest_route=\/wp\/v2\/users\/2"}],"replies":[{"embeddable":true,"href":"https:\/\/diariodominicano.com\/index.php?rest_route=%2Fwp%2Fv2%2Fcomments&post=333155"}],"version-history":[{"count":4,"href":"https:\/\/diariodominicano.com\/index.php?rest_route=\/wp\/v2\/posts\/333155\/revisions"}],"predecessor-version":[{"id":333172,"href":"https:\/\/diariodominicano.com\/index.php?rest_route=\/wp\/v2\/posts\/333155\/revisions\/333172"}],"wp:featuredmedia":[{"embeddable":true,"href":"https:\/\/diariodominicano.com\/index.php?rest_route=\/wp\/v2\/media\/333157"}],"wp:attachment":[{"href":"https:\/\/diariodominicano.com\/index.php?rest_route=%2Fwp%2Fv2%2Fmedia&parent=333155"}],"wp:term":[{"taxonomy":"category","embeddable":true,"href":"https:\/\/diariodominicano.com\/index.php?rest_route=%2Fwp%2Fv2%2Fcategories&post=333155"},{"taxonomy":"post_tag","embeddable":true,"href":"https:\/\/diariodominicano.com\/index.php?rest_route=%2Fwp%2Fv2%2Ftags&post=333155"}],"curies":[{"name":"wp","href":"https:\/\/api.w.org\/{rel}","templated":true}]}}