{"id":332749,"date":"2022-02-20T23:55:35","date_gmt":"2022-02-21T03:55:35","guid":{"rendered":"http:\/\/diariodominicano.com\/?p=332749"},"modified":"2022-02-20T23:55:35","modified_gmt":"2022-02-21T03:55:35","slug":"jefe-de-coi-declara-clausurados-juegos-olimpicos-de-invierno-de-beijing","status":"publish","type":"post","link":"https:\/\/diariodominicano.com\/?p=332749","title":{"rendered":"Jefe de COI declara clausurados Juegos Ol\u00edmpicos de Invierno de Beijing\u00a0"},"content":{"rendered":"\n<figure class=\"wp-block-table\"><table><tbody><tr><td>\u00a0<a rel=\"noreferrer noopener\" href=\"http:\/\/spanish.news.cn\/\" target=\"_blank\">Spanish.xinhuanet.com<\/a>\u00a0|\u00a02022-02-20 22:00:23<\/td><\/tr><\/tbody><\/table><\/figure>\n\n\n\n<figure class=\"wp-block-table\"><table><tbody><tr><td><\/td><\/tr><\/tbody><\/table><\/figure>\n\n\n\n<figure class=\"wp-block-table\"><table><tbody><tr><td>BEIJING, 20 feb (Xinhua) &#8212; El presidente del Comit\u00e9 Ol\u00edmpico Internacional (COI), Thomas Bach, declar\u00f3 clausurados hoy domingo los Juegos Ol\u00edmpicos de Invierno de Beijing 2022.Bach calific\u00f3 a los Juegos Ol\u00edmpicos de Invierno de Beijing como \u00abverdaderamente excepcionales\u00bb, en su discurso en la ceremonia de clausura celebrada en el Estadio Nacional.\u00bb<br><br>El esp\u00edritu ol\u00edmpico s\u00f3lo pudo brillar tanto porque el pueblo chino prepar\u00f3 el escenario de una manera tan excelente y segura\u00bb, dijo el jefe del COI.Beijing es la primera ciudad en haber organizado los Juegos Ol\u00edmpicos de Verano y de Invierno.<\/td><\/tr><\/tbody><\/table><\/figure>\n\n\n\n<figure class=\"wp-block-table\"><table><tbody><tr><td><\/td><\/tr><\/tbody><\/table><\/figure>\n\n\n\n<figure class=\"wp-block-table\"><table><tbody><tr><td>&nbsp;<\/td><td><\/td><\/tr><\/tbody><\/table><\/figure>\n","protected":false},"excerpt":{"rendered":"<p>\u00a0Spanish.xinhuanet.com\u00a0|\u00a02022-02-20 22:00:23 BEIJING, 20 feb (Xinhua) &#8212; El presidente del Comit\u00e9 Ol\u00edmpico Internacional (COI), Thomas Bach, declar\u00f3 clausurados hoy domingo los Juegos Ol\u00edmpicos de Invierno de Beijing 2022.Bach calific\u00f3 a los Juegos Ol\u00edmpicos de Invierno de Beijing como \u00abverdaderamente excepcionales\u00bb, en su discurso en la ceremonia de clausura celebrada en el Estadio Nacional.\u00bb El esp\u00edritu [&hellip;]<\/p>\n","protected":false},"author":28,"featured_media":332750,"comment_status":"closed","ping_status":"","sticky":true,"template":"","format":"standard","meta":{"footnotes":""},"categories":[17,27],"tags":[],"class_list":["post-332749","post","type-post","status-publish","format-standard","has-post-thumbnail","hentry","category-deportes","category-portada"],"_links":{"self":[{"href":"https:\/\/diariodominicano.com\/index.php?rest_route=\/wp\/v2\/posts\/332749","targetHints":{"allow":["GET"]}}],"collection":[{"href":"https:\/\/diariodominicano.com\/index.php?rest_route=\/wp\/v2\/posts"}],"about":[{"href":"https:\/\/diariodominicano.com\/index.php?rest_route=\/wp\/v2\/types\/post"}],"author":[{"embeddable":true,"href":"https:\/\/diariodominicano.com\/index.php?rest_route=\/wp\/v2\/users\/28"}],"replies":[{"embeddable":true,"href":"https:\/\/diariodominicano.com\/index.php?rest_route=%2Fwp%2Fv2%2Fcomments&post=332749"}],"version-history":[{"count":1,"href":"https:\/\/diariodominicano.com\/index.php?rest_route=\/wp\/v2\/posts\/332749\/revisions"}],"predecessor-version":[{"id":332751,"href":"https:\/\/diariodominicano.com\/index.php?rest_route=\/wp\/v2\/posts\/332749\/revisions\/332751"}],"wp:featuredmedia":[{"embeddable":true,"href":"https:\/\/diariodominicano.com\/index.php?rest_route=\/wp\/v2\/media\/332750"}],"wp:attachment":[{"href":"https:\/\/diariodominicano.com\/index.php?rest_route=%2Fwp%2Fv2%2Fmedia&parent=332749"}],"wp:term":[{"taxonomy":"category","embeddable":true,"href":"https:\/\/diariodominicano.com\/index.php?rest_route=%2Fwp%2Fv2%2Fcategories&post=332749"},{"taxonomy":"post_tag","embeddable":true,"href":"https:\/\/diariodominicano.com\/index.php?rest_route=%2Fwp%2Fv2%2Ftags&post=332749"}],"curies":[{"name":"wp","href":"https:\/\/api.w.org\/{rel}","templated":true}]}}