{"id":332687,"date":"2022-02-20T19:59:31","date_gmt":"2022-02-20T23:59:31","guid":{"rendered":"http:\/\/diariodominicano.com\/?p=332687"},"modified":"2022-02-20T19:59:31","modified_gmt":"2022-02-20T23:59:31","slug":"sevilla-pierde-terreno-en-lucha-por-titulo-del-futbol-espanol","status":"publish","type":"post","link":"https:\/\/diariodominicano.com\/?p=332687","title":{"rendered":"Sevilla pierde terreno en lucha por t\u00edtulo del f\u00fatbol espa\u00f1ol"},"content":{"rendered":"\n<p>Cornell\u00e1 de Llobregat, Espa\u00f1a, 20 feb (Prensa Latina) El Sevilla perdi\u00f3 hoy terreno en la lucha por el t\u00edtulo de la Liga espa\u00f1ola de f\u00fatbol, al empatar 1-1 ante el RCD Espanyol por la jornada 25.<\/p>\n\n\n\n<ul class=\"wp-block-list\"><li>febrero 20, 2022<\/li><li>CST18:29 (GMT) -0500<\/li><\/ul>\n\n\n\n<p>Rafael Mir dio ventaja a los andaluces a los 36 minutos, al aprovechar un pase del argentino Alejandro \u00abPapu\u00bb G\u00f3mez. Sin embargo, los periquitos igualaron en el 50 con tanto de Sergi Darder.<\/p>\n\n\n\n<p>El equipo sevillano, segundo del campeonato, empez\u00f3 la jornada a cuatro puntos del l\u00edder, el Real Madrid, y ahora se ve desplazado a seis porque el plantel merengue, vencedor 3-0 el s\u00e1bado del Alav\u00e9s (19) lo que le permiti\u00f3 salir reforzado de este fin de semana.<\/p>\n\n\n\n<p>Este domingo el Barcelona recuper\u00f3 el cuarto puesto, con una victoria de 4-1 ante el Valencia y tres goles del gabon\u00e9s Pierre-Emerick Aubameyang en los minutos 23, 38 y 63, y otro del neerland\u00e9s Frenkie de Jong (52).<\/p>\n\n\n\n<p>Carlos Soler marc\u00f3 por los derrotados, ubicados en la posici\u00f3n 12, de cabeza a los 52 minutos.<\/p>\n\n\n\n<p>La escuadra azulgrana suma 42 puntos, los mismos que el Atl\u00e9tico de Madrid (quinto), que el s\u00e1bado super\u00f3 3-0 como visitante al Osasuna (noveno).<\/p>\n\n\n\n<p>El Betis, tercero del torneo, aventaj\u00f3 2-1 al Mallorca (16), con diana decisiva del brasile\u00f1o Willian Jos\u00e9, quien transform\u00f3 un penal en el 83.<\/p>\n\n\n\n<p>En el \u00faltimo partido del domingo, el gran derbi vasco, el Athletic (octavo de la clasificaci\u00f3n) dobleg\u00f3 ante su p\u00fablico en Bilbao por 4-0 a la Real Sociedad (s\u00e9ptimo), aproxim\u00e1ndose as\u00ed a apenas un punto de su rival del d\u00eda.<\/p>\n\n\n\n<p>Daniel \u00abDani\u00bb Vivian abri\u00f3 el camino en el minuto 68 y luego llegando los tantos de Oihan Sancet (72), I\u00f1aki Williams (80) e Iker Muniain (89).<\/p>\n\n\n\n<p>Resultados de la jornada 25:<\/p>\n\n\n\n<p>Viernes:<\/p>\n\n\n\n<p>-Elche \u2014 Rayo 2-1.<\/p>\n\n\n\n<p>S\u00e1bado:<\/p>\n\n\n\n<p>-Granada \u2014 Villarreal 1-4.<\/p>\n\n\n\n<p>-Osasuna \u2014 Atl\u00e9tico de Madrid 0-3.<\/p>\n\n\n\n<p>-C\u00e1diz \u2014 Getafe 1-1.<\/p>\n\n\n\n<p>-Real Madrid \u2014 Alav\u00e9s 3-0.<\/p>\n\n\n\n<p>Domingo:<\/p>\n\n\n\n<p>-Espanyol \u2014 Sevilla 1-1.<\/p>\n\n\n\n<p>-Valencia \u2014 Barcelona 1-4.<\/p>\n\n\n\n<p>-Betis \u2014 Mallorca 2-1.<\/p>\n\n\n\n<p>-Athletic \u2014 Real Sociedad 4-0.<\/p>\n\n\n\n<p>Lunes:<\/p>\n\n\n\n<p>-Celta \u2014 Levante.<\/p>\n\n\n\n<p>Tabla de posiciones:<\/p>\n\n\n\n<p>Equipo PJ PG PE PP GF GC Pts.<\/p>\n\n\n\n<p>1-Real Madrid 25 17 6 2 51 20 57.<\/p>\n\n\n\n<p>2-Sevilla 25 14 9 2 37 17 51.<\/p>\n\n\n\n<p>3-Betis 25 14 4 7 47 30 46.<\/p>\n\n\n\n<p>4-Barcelona 24 11 9 4 42 28 42.<\/p>\n\n\n\n<p>5-Atl\u00e9tico de Madrid 25 12 6 7 45 34 42.<\/p>\n\n\n\n<p>6-Villarreal 25 10 9 6 42 24 39.<\/p>\n\n\n\n<p>7-Real Sociedad 24 10 8 6 24 25 38.<\/p>\n\n\n\n<p>8-Athletic 25 9 10 6 29 21 37.<\/p>\n\n\n\n<p>9-Osasuna 25 8 8 9 25 30 32.<\/p>\n\n\n\n<p>10-Celta 24 8 7 9 28 25 31.<\/p>\n\n\n\n<p>11-Rayo 24 9 4 11 28 29 31.<\/p>\n\n\n\n<p>12-Valencia 25 7 9 9 37 42 30.<\/p>\n\n\n\n<p>13-Elche 25 7 8 10 28 34 29.<\/p>\n\n\n\n<p>14-Espanyol 25 7 8 10 30 35 29.<\/p>\n\n\n\n<p>15-Getafe 25 6 8 11 24 28 26.<\/p>\n\n\n\n<p>16-Mallorca 24 6 8 10 23 38 26.<\/p>\n\n\n\n<p>17-Granada 25 5 9 11 27 40 24.<\/p>\n\n\n\n<p>18-C\u00e1diz 25 3 11 11 21 39 20.<\/p>\n\n\n\n<p>19-Alav\u00e9s 25 5 5 15 19 42 20.<\/p>\n\n\n\n<p>20-Levante 24 2 8 14 24 50 14.<\/p>\n\n\n\n<p>acl\/am<\/p>\n","protected":false},"excerpt":{"rendered":"<p>Cornell\u00e1 de Llobregat, Espa\u00f1a, 20 feb (Prensa Latina) El Sevilla perdi\u00f3 hoy terreno en la lucha por el t\u00edtulo de la Liga espa\u00f1ola de f\u00fatbol, al empatar 1-1 ante el RCD Espanyol por la jornada 25. febrero 20, 2022 CST18:29 (GMT) -0500 Rafael Mir dio ventaja a los andaluces a los 36 minutos, al aprovechar [&hellip;]<\/p>\n","protected":false},"author":28,"featured_media":332688,"comment_status":"closed","ping_status":"","sticky":false,"template":"","format":"standard","meta":{"footnotes":""},"categories":[17],"tags":[],"class_list":["post-332687","post","type-post","status-publish","format-standard","has-post-thumbnail","hentry","category-deportes"],"_links":{"self":[{"href":"https:\/\/diariodominicano.com\/index.php?rest_route=\/wp\/v2\/posts\/332687","targetHints":{"allow":["GET"]}}],"collection":[{"href":"https:\/\/diariodominicano.com\/index.php?rest_route=\/wp\/v2\/posts"}],"about":[{"href":"https:\/\/diariodominicano.com\/index.php?rest_route=\/wp\/v2\/types\/post"}],"author":[{"embeddable":true,"href":"https:\/\/diariodominicano.com\/index.php?rest_route=\/wp\/v2\/users\/28"}],"replies":[{"embeddable":true,"href":"https:\/\/diariodominicano.com\/index.php?rest_route=%2Fwp%2Fv2%2Fcomments&post=332687"}],"version-history":[{"count":1,"href":"https:\/\/diariodominicano.com\/index.php?rest_route=\/wp\/v2\/posts\/332687\/revisions"}],"predecessor-version":[{"id":332689,"href":"https:\/\/diariodominicano.com\/index.php?rest_route=\/wp\/v2\/posts\/332687\/revisions\/332689"}],"wp:featuredmedia":[{"embeddable":true,"href":"https:\/\/diariodominicano.com\/index.php?rest_route=\/wp\/v2\/media\/332688"}],"wp:attachment":[{"href":"https:\/\/diariodominicano.com\/index.php?rest_route=%2Fwp%2Fv2%2Fmedia&parent=332687"}],"wp:term":[{"taxonomy":"category","embeddable":true,"href":"https:\/\/diariodominicano.com\/index.php?rest_route=%2Fwp%2Fv2%2Fcategories&post=332687"},{"taxonomy":"post_tag","embeddable":true,"href":"https:\/\/diariodominicano.com\/index.php?rest_route=%2Fwp%2Fv2%2Ftags&post=332687"}],"curies":[{"name":"wp","href":"https:\/\/api.w.org\/{rel}","templated":true}]}}