{"id":332684,"date":"2022-02-20T19:55:44","date_gmt":"2022-02-20T23:55:44","guid":{"rendered":"http:\/\/diariodominicano.com\/?p=332684"},"modified":"2022-02-20T19:55:44","modified_gmt":"2022-02-20T23:55:44","slug":"inter-fracasa-en-tomar-la-cima-del-futbol-de-italia","status":"publish","type":"post","link":"https:\/\/diariodominicano.com\/?p=332684","title":{"rendered":"Inter fracasa en tomar la cima del f\u00fatbol de Italia"},"content":{"rendered":"\n<h1 class=\"wp-block-heading\"><\/h1>\n\n\n\n<p>Mil\u00e1n, Italia, 20 feb (Prensa Latina) El Inter de Mil\u00e1n fracas\u00f3 hoy en su intento de tomar la cima de la Liga italiana de f\u00fatbol, al caer 0-2 ante el Sassuolo por la jornada 26.<\/p>\n\n\n\n<ul class=\"wp-block-list\"><li>febrero 20, 2022<\/li><li>CST17:46 (GMT) -0500<\/li><\/ul>\n\n\n\n<p>En un mal partido, el equipo milanista vio permiti\u00f3 pronto los goles de Giacomo Raspadori al minuto ocho y de Gianluca Scamacca (26) y luego no pudo marcar ante las paradas excepcionales del arquero visitante Andrea Consigli.<\/p>\n\n\n\n<p>El meta fren\u00f3 los repetidos intentos del bosnio Edin Dzeko (minutos 58, 63 y 69) y una ocasi\u00f3n clar\u00edsima del argentino Lautaro Mart\u00ednez (72).<\/p>\n\n\n\n<p>Ya en el tiempo adicional, el neerland\u00e9s Stefan De Vrij redujo la desventaja para el Inter con un remate de cabeza, pero su tanto fue anulado tras una revisi\u00f3n en el v\u00eddeo, por una mano de un jugador del Inter en el inicio de la acci\u00f3n.<\/p>\n\n\n\n<p>El l\u00edder, el AC Mil\u00e1n, tropez\u00f3 el s\u00e1bado con un empate 2-2 en el terreno del colista, la Salernitana.<\/p>\n\n\n\n<p>Por su parte, el Atalanta, quinto en la tabla, perdi\u00f3 0-1 en su visita a la Fiorentina (s\u00e9ptimo) al permitir un tanto del polaco Krzysztof Piatek a los 56 minutos.<\/p>\n\n\n\n<p>En la lucha por el cuarto puesto, el \u00faltimo que clasifica a la pr\u00f3xima Champions League, el Atalanta queda a tres puntos de la Juventus, cuarto, que el viernes empat\u00f3 1-1 ante el Torino (10).<\/p>\n\n\n\n<p>La Lazio, sexta del campeonato, qued\u00f3 a una unidad del Atalanta tras empatar 1-1 en su visita al Udinese (16) en el \u00faltimo duelo del domingo.<\/p>\n\n\n\n<p>El espa\u00f1ol Gerard Deulofeu adelant\u00f3 al equipo de Udine en el minuto cinco y el brasile\u00f1o Felipe Anderson puso la igualada definitiva en el 45.<\/p>\n\n\n\n<p>En un compromiso entre clubes de la zona baja, Unione Venezia (17 de la Serie A) y G\u00e9nova (19) igualaron a uno.<\/p>\n\n\n\n<p>Resultados de la jornada 26: Viernes:<\/p>\n\n\n\n<p>-Juventus \u2014 Torino 1-1.<\/p>\n\n\n\n<p>S\u00e1bado:<\/p>\n\n\n\n<p>-Sampdoria \u2014 Empoli 2-0.<\/p>\n\n\n\n<p>-Roma \u2014 Hellas Verona 2-2.<\/p>\n\n\n\n<p>-Salernitana \u2014 AC Mil\u00e1n 2-2.<\/p>\n\n\n\n<p>Domingo:<\/p>\n\n\n\n<p>-Fiorentina \u2013 Atalanta 1-0.<\/p>\n\n\n\n<p>-Unione Venezia \u2014 G\u00e9nova 1-1.<\/p>\n\n\n\n<p>-Inter \u2014 Sassuolo 0-2.<\/p>\n\n\n\n<p>-Udinese \u2014 Lazio 1-1.<\/p>\n\n\n\n<p>Lunes:<\/p>\n\n\n\n<p>-Cagliari \u2014 N\u00e1poles.<\/p>\n\n\n\n<p>-Bolonia \u2014 Spezia.<\/p>\n\n\n\n<p>Tabla de posiciones:<\/p>\n\n\n\n<p>Equipo PJ PG PE PP GF GC Pts.<\/p>\n\n\n\n<p>1-AC Mil\u00e1n 26 17 5 4 52 28 56.<\/p>\n\n\n\n<p>2-Inter de Mil\u00e1n 25 16 6 3 55 22 54.<\/p>\n\n\n\n<p>3-N\u00e1poles 25 16 5 4 46 17 53.<\/p>\n\n\n\n<p>4-Juventus 26 13 8 5 38 23 47.<\/p>\n\n\n\n<p>5-Atalanta 25 12 8 5 46 30 44.<\/p>\n\n\n\n<p>6-Lazio 26 12 7 7 53 40 43.<\/p>\n\n\n\n<p>7-Fiorentina 25 13 3 9 44 34 42.<\/p>\n\n\n\n<p>8-Roma 26 12 5 9 44 34 41.<\/p>\n\n\n\n<p>9-Hellas Verona 26 10 7 9 49 42 37.<\/p>\n\n\n\n<p>10-Torino 25 9 6 10 32 26 33.<\/p>\n\n\n\n<p>11-Sassuolo 26 8 9 9 43 44 33.<\/p>\n\n\n\n<p>12-Empoli 26 8 7 11 38 50 31.<\/p>\n\n\n\n<p>13-Bolonia 24 8 4 12 29 40 28. 14-Spezia 25 7 5 13 27 46 26.<\/p>\n\n\n\n<p>15-Sampdoria 26 7 5 14 35 42 26.<\/p>\n\n\n\n<p>17-Unione Venezia 25 5 7 13 23 44 22.<\/p>\n\n\n\n<p>18-Cagliari 25 4 9 12 25 46 21.<\/p>\n\n\n\n<p>19-G\u00e9nova 26 1 13 12 22 47 16.<\/p>\n\n\n\n<p>20-Salernitana 25 3 5 17 19 58 14.<\/p>\n\n\n\n<p>oda\/am<\/p>\n","protected":false},"excerpt":{"rendered":"<p>Mil\u00e1n, Italia, 20 feb (Prensa Latina) El Inter de Mil\u00e1n fracas\u00f3 hoy en su intento de tomar la cima de la Liga italiana de f\u00fatbol, al caer 0-2 ante el Sassuolo por la jornada 26. febrero 20, 2022 CST17:46 (GMT) -0500 En un mal partido, el equipo milanista vio permiti\u00f3 pronto los goles de Giacomo [&hellip;]<\/p>\n","protected":false},"author":28,"featured_media":332685,"comment_status":"closed","ping_status":"","sticky":true,"template":"","format":"standard","meta":{"footnotes":""},"categories":[17,27],"tags":[],"class_list":["post-332684","post","type-post","status-publish","format-standard","has-post-thumbnail","hentry","category-deportes","category-portada"],"_links":{"self":[{"href":"https:\/\/diariodominicano.com\/index.php?rest_route=\/wp\/v2\/posts\/332684","targetHints":{"allow":["GET"]}}],"collection":[{"href":"https:\/\/diariodominicano.com\/index.php?rest_route=\/wp\/v2\/posts"}],"about":[{"href":"https:\/\/diariodominicano.com\/index.php?rest_route=\/wp\/v2\/types\/post"}],"author":[{"embeddable":true,"href":"https:\/\/diariodominicano.com\/index.php?rest_route=\/wp\/v2\/users\/28"}],"replies":[{"embeddable":true,"href":"https:\/\/diariodominicano.com\/index.php?rest_route=%2Fwp%2Fv2%2Fcomments&post=332684"}],"version-history":[{"count":1,"href":"https:\/\/diariodominicano.com\/index.php?rest_route=\/wp\/v2\/posts\/332684\/revisions"}],"predecessor-version":[{"id":332686,"href":"https:\/\/diariodominicano.com\/index.php?rest_route=\/wp\/v2\/posts\/332684\/revisions\/332686"}],"wp:featuredmedia":[{"embeddable":true,"href":"https:\/\/diariodominicano.com\/index.php?rest_route=\/wp\/v2\/media\/332685"}],"wp:attachment":[{"href":"https:\/\/diariodominicano.com\/index.php?rest_route=%2Fwp%2Fv2%2Fmedia&parent=332684"}],"wp:term":[{"taxonomy":"category","embeddable":true,"href":"https:\/\/diariodominicano.com\/index.php?rest_route=%2Fwp%2Fv2%2Fcategories&post=332684"},{"taxonomy":"post_tag","embeddable":true,"href":"https:\/\/diariodominicano.com\/index.php?rest_route=%2Fwp%2Fv2%2Ftags&post=332684"}],"curies":[{"name":"wp","href":"https:\/\/api.w.org\/{rel}","templated":true}]}}