{"id":332618,"date":"2022-02-20T16:32:20","date_gmt":"2022-02-20T20:32:20","guid":{"rendered":"http:\/\/diariodominicano.com\/?p=332618"},"modified":"2022-02-20T16:37:19","modified_gmt":"2022-02-20T20:37:19","slug":"alberto-ramos-gana-grand-prix-de-ciclismo-dedicado-a-carolina-mejia","status":"publish","type":"post","link":"https:\/\/diariodominicano.com\/?p=332618","title":{"rendered":"Alberto Ramos gana Grand Prix de Ciclismo dedicado a Carolina Mej\u00eda"},"content":{"rendered":"\n<p> <strong>Alberto Ramos (centro) al momento de recibir la medalla que lo acredita como el campe\u00f3n del torneo. Figura al frente y abajo Emilio Valdez (El Caballito), organizador del evento, junto a Natacha Pe\u00f1a y atletas. <\/strong><\/p>\n\n\n\n<figure class=\"wp-block-image size-large\"><img loading=\"lazy\" decoding=\"async\" width=\"1024\" height=\"683\" src=\"https:\/\/diariodominicano.com\/wp-content\/uploads\/2022\/02\/entregan-placa-a-Caroina-Mejia-1-1024x683.jpeg\" alt=\"\" class=\"wp-image-332627\" srcset=\"https:\/\/diariodominicano.com\/wp-content\/uploads\/2022\/02\/entregan-placa-a-Caroina-Mejia-1-1024x683.jpeg 1024w, https:\/\/diariodominicano.com\/wp-content\/uploads\/2022\/02\/entregan-placa-a-Caroina-Mejia-1-300x200.jpeg 300w, https:\/\/diariodominicano.com\/wp-content\/uploads\/2022\/02\/entregan-placa-a-Caroina-Mejia-1-768x512.jpeg 768w, https:\/\/diariodominicano.com\/wp-content\/uploads\/2022\/02\/entregan-placa-a-Caroina-Mejia-1-1536x1024.jpeg 1536w, https:\/\/diariodominicano.com\/wp-content\/uploads\/2022\/02\/entregan-placa-a-Caroina-Mejia-1-816x544.jpeg 816w, https:\/\/diariodominicano.com\/wp-content\/uploads\/2022\/02\/entregan-placa-a-Caroina-Mejia-1.jpeg 1599w\" sizes=\"auto, (max-width: 1024px) 100vw, 1024px\" \/><figcaption>                                                                                                                                                                                            <\/figcaption><\/figure>\n\n\n\n<p> Emilio Valdez (El Caballito), entrega una placa de reconocimiento a la alcaldesa Carolina Mej\u00eda. <\/p>\n\n\n\n<p>SANTO DOMINGO.- Alberto Ramos conquist\u00f3 la cuarta versi\u00f3n del Grand Prix de Ciclismo, evento dedicado a la alcaldesa Carolina Mej\u00eda, quien dio el banderazo oficial de la justa que se corri\u00f3 este domingo en el expreso V Centenario de esta capital, en donde participaron 350 ciclistas dominicanos y 13 equipos internacionales.<\/p>\n\n\n\n<p>Ramos, del equipo EDA, se coron\u00f3 en la categor\u00eda \u00c9lite, al cronometrar tiempo de dos horas, un minuto y 52 segundos.<\/p>\n\n\n\n<p>En tanto que, en la categor\u00eda Juvenil, fue dominada por Rodrigo Alonzo, de Aro y Pedal, con una hora, 16 minutos y 42 segundos.<\/p>\n\n\n\n<p>La Master A fue ganada por Lisandro Mej\u00eda, de ACT, con crono de 1 hora 51 minutos, mientras que Jos\u00e9 Frank Rodr\u00edguez se coron\u00f3 en la B, de Inteja, con una hora y 36 segundos. Francisco Castillo fue amo y se\u00f1or de la C, del equipo Inteja, con 2 horas y 14 segundos.<\/p>\n\n\n\n<p>La veterana Juana Fern\u00e1ndez, del equipo de Fedoci, consigui\u00f3 otro lauro m\u00e1s de su carrera, tras coronarse en la categor\u00eda \u00c9lite Femenina, con tiempo de una hora, 42 minutos y 48 segundos. &nbsp;<\/p>\n\n\n\n<p>Por \u00faltimo, en la categor\u00eda Recreativa, gan\u00f3 Gregory Ram\u00edrez.<\/p>\n\n\n\n<figure class=\"wp-block-image size-large\"><img loading=\"lazy\" decoding=\"async\" width=\"1024\" height=\"683\" src=\"https:\/\/diariodominicano.com\/wp-content\/uploads\/2022\/02\/Carolina-da-banderazo-1024x683.jpeg\" alt=\"\" class=\"wp-image-332629\" srcset=\"https:\/\/diariodominicano.com\/wp-content\/uploads\/2022\/02\/Carolina-da-banderazo-1024x683.jpeg 1024w, https:\/\/diariodominicano.com\/wp-content\/uploads\/2022\/02\/Carolina-da-banderazo-300x200.jpeg 300w, https:\/\/diariodominicano.com\/wp-content\/uploads\/2022\/02\/Carolina-da-banderazo-768x512.jpeg 768w, https:\/\/diariodominicano.com\/wp-content\/uploads\/2022\/02\/Carolina-da-banderazo-1536x1024.jpeg 1536w, https:\/\/diariodominicano.com\/wp-content\/uploads\/2022\/02\/Carolina-da-banderazo-816x544.jpeg 816w, https:\/\/diariodominicano.com\/wp-content\/uploads\/2022\/02\/Carolina-da-banderazo.jpeg 1599w\" sizes=\"auto, (max-width: 1024px) 100vw, 1024px\" \/><\/figure>\n\n\n\n<p>  La alcaldesa Carolina Mej\u00eda da el banderazo para iniciar el evento.&nbsp;<strong>3&nbsp;archivos adjuntos<\/strong> <\/p>\n\n\n\n<p><strong>Acto inaugural<\/strong><\/p>\n\n\n\n<p>La alcaldesa Carolina Mej\u00eda, quien dio el banderazo oficial, elogi\u00f3 el comportamiento de los atletas y la organizaci\u00f3n del evento, dirigido por Emilio Valdez \u201cEl Caballito\u201d, director del torneo.<\/p>\n\n\n\n<p>Dio la bienvenida a los participantes tanto a dominicanos como de otros pa\u00edses.<\/p>\n\n\n\n<p>\u201cDisfruten de una experiencia memorable, que la gocen, que se repita, que se siga promoviendo el deporte, fundamental del desarrollo de nuestra ciudad y pa\u00eds\u201d, se\u00f1al\u00f3 Mej\u00eda, quien luego recibi\u00f3 una placa de reconocimiento por parte de El Caballito y Natacha Pe\u00f1a.<\/p>\n\n\n\n<p>Por su parte, El&nbsp;Caballito&nbsp;agradeci\u00f3&nbsp;el&nbsp;apoyo de los patrocinadores para&nbsp;el&nbsp;evento, entre ellos Banco de Reservas, Seguros Reservas, Presidencia de la Rep\u00fablica, Ministerio de Deportes, Comit\u00e9 Ol\u00edmpico Dominicano, Fedoci; adem\u00e1s del Grupo Rizek AFP Crecer, Molinos Modernos, Petromovil, Tigres del Licey, Electrolit, Ayuntamiento del Distrito Nacional y Ministerio de Obras P\u00fablicas y Comunicaciones.<\/p>\n\n\n\n<p>El&nbsp;Gran Prix de Ciclismo tuvo&nbsp;el&nbsp;aval de la Asociaci\u00f3n de Ciclismo del Distrito Nacional y Fedoci.<\/p>\n\n\n\n<p><br><br>El\u00a0evento fue fiscalizado por\u00a0el\u00a0Colegio Dominicano de Comisarios.<\/p>\n\n\n\n<p>William Ernesto Aish L\u00f3pez<a target=\"_blank\" href=\"mailto:williamaishgolf@gmail.com\" rel=\"noreferrer noopener\">williamaishgolf@gmail.com<\/a><\/p>\n\n\n\n<p><\/p>\n","protected":false},"excerpt":{"rendered":"<p>Alberto Ramos (centro) al momento de recibir la medalla que lo acredita como el campe\u00f3n del torneo. Figura al frente y abajo Emilio Valdez (El Caballito), organizador del evento, junto a Natacha Pe\u00f1a y atletas. Emilio Valdez (El Caballito), entrega una placa de reconocimiento a la alcaldesa Carolina Mej\u00eda. SANTO DOMINGO.- Alberto Ramos conquist\u00f3 la [&hellip;]<\/p>\n","protected":false},"author":28,"featured_media":332622,"comment_status":"closed","ping_status":"","sticky":true,"template":"","format":"standard","meta":{"footnotes":""},"categories":[17,27],"tags":[],"class_list":["post-332618","post","type-post","status-publish","format-standard","has-post-thumbnail","hentry","category-deportes","category-portada"],"_links":{"self":[{"href":"https:\/\/diariodominicano.com\/index.php?rest_route=\/wp\/v2\/posts\/332618","targetHints":{"allow":["GET"]}}],"collection":[{"href":"https:\/\/diariodominicano.com\/index.php?rest_route=\/wp\/v2\/posts"}],"about":[{"href":"https:\/\/diariodominicano.com\/index.php?rest_route=\/wp\/v2\/types\/post"}],"author":[{"embeddable":true,"href":"https:\/\/diariodominicano.com\/index.php?rest_route=\/wp\/v2\/users\/28"}],"replies":[{"embeddable":true,"href":"https:\/\/diariodominicano.com\/index.php?rest_route=%2Fwp%2Fv2%2Fcomments&post=332618"}],"version-history":[{"count":5,"href":"https:\/\/diariodominicano.com\/index.php?rest_route=\/wp\/v2\/posts\/332618\/revisions"}],"predecessor-version":[{"id":332634,"href":"https:\/\/diariodominicano.com\/index.php?rest_route=\/wp\/v2\/posts\/332618\/revisions\/332634"}],"wp:featuredmedia":[{"embeddable":true,"href":"https:\/\/diariodominicano.com\/index.php?rest_route=\/wp\/v2\/media\/332622"}],"wp:attachment":[{"href":"https:\/\/diariodominicano.com\/index.php?rest_route=%2Fwp%2Fv2%2Fmedia&parent=332618"}],"wp:term":[{"taxonomy":"category","embeddable":true,"href":"https:\/\/diariodominicano.com\/index.php?rest_route=%2Fwp%2Fv2%2Fcategories&post=332618"},{"taxonomy":"post_tag","embeddable":true,"href":"https:\/\/diariodominicano.com\/index.php?rest_route=%2Fwp%2Fv2%2Ftags&post=332618"}],"curies":[{"name":"wp","href":"https:\/\/api.w.org\/{rel}","templated":true}]}}