{"id":332497,"date":"2022-02-19T20:17:05","date_gmt":"2022-02-20T00:17:05","guid":{"rendered":"http:\/\/diariodominicano.com\/?p=332497"},"modified":"2022-02-19T20:18:21","modified_gmt":"2022-02-20T00:18:21","slug":"republica-dominicana-obtuvo-segundo-triunfo-en-la-clasificatoria-mundialista","status":"publish","type":"post","link":"https:\/\/diariodominicano.com\/?p=332497","title":{"rendered":"Rep\u00fablica Dominicana obtuvo segundo triunfo en la clasificatoria mundialista"},"content":{"rendered":"\n<p><\/p>\n\n\n\n<figure class=\"wp-block-image size-large\"><img loading=\"lazy\" decoding=\"async\" width=\"1024\" height=\"683\" src=\"https:\/\/diariodominicano.com\/wp-content\/uploads\/2022\/02\/Alyssa-Oviedo-vs-Granada-2-1024x683.jpg\" alt=\"\" class=\"wp-image-332501\" srcset=\"https:\/\/diariodominicano.com\/wp-content\/uploads\/2022\/02\/Alyssa-Oviedo-vs-Granada-2-1024x683.jpg 1024w, https:\/\/diariodominicano.com\/wp-content\/uploads\/2022\/02\/Alyssa-Oviedo-vs-Granada-2-300x200.jpg 300w, https:\/\/diariodominicano.com\/wp-content\/uploads\/2022\/02\/Alyssa-Oviedo-vs-Granada-2-768x512.jpg 768w, https:\/\/diariodominicano.com\/wp-content\/uploads\/2022\/02\/Alyssa-Oviedo-vs-Granada-2-1536x1024.jpg 1536w, https:\/\/diariodominicano.com\/wp-content\/uploads\/2022\/02\/Alyssa-Oviedo-vs-Granada-2-2048x1365.jpg 2048w, https:\/\/diariodominicano.com\/wp-content\/uploads\/2022\/02\/Alyssa-Oviedo-vs-Granada-2-816x544.jpg 816w\" sizes=\"auto, (max-width: 1024px) 100vw, 1024px\" \/><\/figure>\n\n\n\n<p>La Sedof\u00fatbol se mantendr\u00e1 en la punta del grupo hasta la Ventana FIFA de abril cuando se disputen la pen\u00faltima y \u00faltima fecha de esta fase.<\/p>\n\n\n\n<p>ISLAS CAIM\u00c1N.- La selecci\u00f3n nacional absoluta de Rep\u00fablica Dominicana obtuvo su segunda victoria en el Grupo C de la Clasificatoria Femenina de Concacaf al vencer cuatro goles por cero a su similar de Islas Caim\u00e1n, partido celebrado en el Truman Bodden Stadium de la ciudad de George Town este s\u00e1bado.<\/p>\n\n\n\n<p>Las quisqueyanas marchan en la cima de la zona con puntaje perfecto y el arco invicto. Alyssa Oviedo volvi\u00f3 a marcar y est\u00e1 entre las goleadoras de la eliminatoria.<\/p>\n\n\n\n<p>La contienda se reanudar\u00e1 en abril cuando la Sedof\u00fatbol femenina reciba a Bermudas y luego visite a Jamaica en lo que pudiera ser una final por el pase a la ronda final de este premundial que otorga boletos a la Copa Mundial de la FIFA Australia \u2013 Nueva Zelanda 2023, as\u00ed como a los Juegos Ol\u00edmpicos Par\u00eds 2024.<\/p>\n\n\n\n<p>El elenco nacional se adue\u00f1\u00f3 de la posesi\u00f3n del bal\u00f3n y comenz\u00f3 a desplegar su juego desde el inicio del encuentro, acci\u00f3n que tuvo como respuesta del rival, la colocaci\u00f3n de muchas futbolistas en el \u00faltimo tramo de la cancha para dificultar las conexiones en ataque para la tricolor.<\/p>\n\n\n\n<p>Sin embargo, al minuto 21\u2019 Alyssa Oviedo hizo un gran movimiento sin pelota, marcando una diagonal de afuera hacia adentro para recibir un buen pase de Vanessa Kara dentro del \u00e1rea, pero cuando se dispon\u00eda a rematar fue derribada por Tamoy Phillips, generando la pena m\u00e1xima para las quisqueyanas y la expulsi\u00f3n con tarjeta roja directa para la defensora local.<\/p>\n\n\n\n<p>Manuela Lareo se encargar\u00eda de ejecutar el penalti de manera efectiva, enga\u00f1ando completamente a la guardameta y abriendo la pizarra para el onceno nacional dominicano un minuto m\u00e1s tarde.<\/p>\n\n\n\n<figure class=\"wp-block-image size-large\"><img loading=\"lazy\" decoding=\"async\" width=\"1024\" height=\"799\" src=\"https:\/\/diariodominicano.com\/wp-content\/uploads\/2022\/02\/Alyssa-Oviedo-vs-Granada-1-1024x799.jpg\" alt=\"\" class=\"wp-image-332504\" srcset=\"https:\/\/diariodominicano.com\/wp-content\/uploads\/2022\/02\/Alyssa-Oviedo-vs-Granada-1-1024x799.jpg 1024w, https:\/\/diariodominicano.com\/wp-content\/uploads\/2022\/02\/Alyssa-Oviedo-vs-Granada-1-300x234.jpg 300w, https:\/\/diariodominicano.com\/wp-content\/uploads\/2022\/02\/Alyssa-Oviedo-vs-Granada-1-768x599.jpg 768w, https:\/\/diariodominicano.com\/wp-content\/uploads\/2022\/02\/Alyssa-Oviedo-vs-Granada-1-1536x1198.jpg 1536w, https:\/\/diariodominicano.com\/wp-content\/uploads\/2022\/02\/Alyssa-Oviedo-vs-Granada-1-2048x1598.jpg 2048w, https:\/\/diariodominicano.com\/wp-content\/uploads\/2022\/02\/Alyssa-Oviedo-vs-Granada-1-816x637.jpg 816w\" sizes=\"auto, (max-width: 1024px) 100vw, 1024px\" \/><\/figure>\n\n\n\n<p>Oviedo defini\u00f3 de manera estupenda en la fracci\u00f3n 40\u2019 tras una gran jugada que naci\u00f3 en la mitad del campo con pase profundo por derecha para que Kara con habilidad se quitara una marca de encima y sirviera la esf\u00e9rica a ras de piso al coraz\u00f3n del \u00e1rea y de esta forma llegara el segundo tanto para la Sedof\u00fatbol. Adem\u00e1s, fue la cuarta anotaci\u00f3n de Alyssa, quien se mantiene entre las l\u00edderes goleadoras de la competici\u00f3n.<\/p>\n\n\n\n<p>A los 66\u2019 lleg\u00f3 el tercer la tercera diana para las dirigidas por el espa\u00f1ol Benito Rubido, en los botines de la delantera Winifer Santa, quien concret\u00f3 con gran grase tras una excelente habilitaci\u00f3n de Winibian Peralta. Mientras que sobre los 74\u2019 la defensora Giovanna Dionicio aprovech\u00f3 un enredo dentro del \u00e1rea chica para empujar una pelota suelta y colocar el cuatro por cero que a la postre ser\u00eda definitivo.<\/p>\n\n\n\n<p>La clasificaci\u00f3n del Grupo C es comandada por Rep\u00fablica Dominicana con seis puntos, Jamaica le sigue con tres, Bermunda, Islas Caim\u00e1n y Granada cierran sin sumar. Jamaicanas y granadinas completar\u00e1n la segunda jornada este domingo 20 de febrero.<\/p>\n\n\n\n<p>Fedofutbol Prensa<a target=\"_blank\" href=\"mailto:fedofutbolprensa2019@gmail.com\" rel=\"noreferrer noopener\">fedofutbolprensa2019@gmail.com<\/a><\/p>\n\n\n\n<p>PRENSA FEDOFUTBOL&nbsp;<\/p>\n","protected":false},"excerpt":{"rendered":"<p>La Sedof\u00fatbol se mantendr\u00e1 en la punta del grupo hasta la Ventana FIFA de abril cuando se disputen la pen\u00faltima y \u00faltima fecha de esta fase. ISLAS CAIM\u00c1N.- La selecci\u00f3n nacional absoluta de Rep\u00fablica Dominicana obtuvo su segunda victoria en el Grupo C de la Clasificatoria Femenina de Concacaf al vencer cuatro goles por cero [&hellip;]<\/p>\n","protected":false},"author":28,"featured_media":332498,"comment_status":"closed","ping_status":"","sticky":true,"template":"","format":"standard","meta":{"footnotes":""},"categories":[17,27],"tags":[],"class_list":["post-332497","post","type-post","status-publish","format-standard","has-post-thumbnail","hentry","category-deportes","category-portada"],"_links":{"self":[{"href":"https:\/\/diariodominicano.com\/index.php?rest_route=\/wp\/v2\/posts\/332497","targetHints":{"allow":["GET"]}}],"collection":[{"href":"https:\/\/diariodominicano.com\/index.php?rest_route=\/wp\/v2\/posts"}],"about":[{"href":"https:\/\/diariodominicano.com\/index.php?rest_route=\/wp\/v2\/types\/post"}],"author":[{"embeddable":true,"href":"https:\/\/diariodominicano.com\/index.php?rest_route=\/wp\/v2\/users\/28"}],"replies":[{"embeddable":true,"href":"https:\/\/diariodominicano.com\/index.php?rest_route=%2Fwp%2Fv2%2Fcomments&post=332497"}],"version-history":[{"count":3,"href":"https:\/\/diariodominicano.com\/index.php?rest_route=\/wp\/v2\/posts\/332497\/revisions"}],"predecessor-version":[{"id":332505,"href":"https:\/\/diariodominicano.com\/index.php?rest_route=\/wp\/v2\/posts\/332497\/revisions\/332505"}],"wp:featuredmedia":[{"embeddable":true,"href":"https:\/\/diariodominicano.com\/index.php?rest_route=\/wp\/v2\/media\/332498"}],"wp:attachment":[{"href":"https:\/\/diariodominicano.com\/index.php?rest_route=%2Fwp%2Fv2%2Fmedia&parent=332497"}],"wp:term":[{"taxonomy":"category","embeddable":true,"href":"https:\/\/diariodominicano.com\/index.php?rest_route=%2Fwp%2Fv2%2Fcategories&post=332497"},{"taxonomy":"post_tag","embeddable":true,"href":"https:\/\/diariodominicano.com\/index.php?rest_route=%2Fwp%2Fv2%2Ftags&post=332497"}],"curies":[{"name":"wp","href":"https:\/\/api.w.org\/{rel}","templated":true}]}}