{"id":332436,"date":"2022-02-19T15:18:01","date_gmt":"2022-02-19T19:18:01","guid":{"rendered":"http:\/\/diariodominicano.com\/?p=332436"},"modified":"2022-02-19T15:18:01","modified_gmt":"2022-02-19T19:18:01","slug":"brasil-y-cuba-medallistas-en-grand-slam-israeli-de-judo","status":"publish","type":"post","link":"https:\/\/diariodominicano.com\/?p=332436","title":{"rendered":"Brasil y Cuba medallistas en Grand Slam israel\u00ed de judo"},"content":{"rendered":"\n<h1 class=\"wp-block-heading\"><\/h1>\n\n\n\n<p>Tel Aviv, 19 feb (Prensa Latina) Los judocas brasile\u00f1os Rafael Silva (m\u00e1s de 100 kilogramos) y Beatriz Souza (m\u00e1s de 78) terminaron hoy subcampeones del Grand Slam de Tel Aviv, en el cual el cubano Iv\u00e1n Felipe Silva (90) conquist\u00f3 un bronce.<\/p>\n\n\n\n<ul class=\"wp-block-list\"><li>febrero 19, 2022<\/li><li>CST13:46 (GMT) -0500<\/li><\/ul>\n\n\n\n<p>El veterano multimedallista mundial y ol\u00edmpico Silva cay\u00f3 en la final de los s\u00faper pesados ante el georgiano Guran Tushishvili, por tres amonestaciones (shido) en un combate definido en punto de oro, mientras su compatriota Souza no pudo con la favorita francesa Romane Dicko, doble medallista ol\u00edmpica en Tokio-2020, tras coronarse por equipos mixtos y culminar tercera en la divisi\u00f3n.<\/p>\n\n\n\n<p>Por su parte, el cubano Silva, plateado mundial en Bak\u00fa-2018, derrot\u00f3 por waza-ari al neerland\u00e9s Jesper Smink en una de las peleas por la presea de bronce en los 90 kilogramos, categor\u00eda en la que el azer\u00ed Mammadali Mehdiyev venci\u00f3 por ippon en el duelo por el t\u00edtulo al serbio Nemanja Majdov, monarca mundial de Budapest-2017. El otro judoca latinoamericano que subi\u00f3 al tatami por medalla en la \u00faltima jornada del Grand Slam de Tel Aviv fue el cubano de m\u00e1s de 100 kilogramos Andy Granda, superado en la discusi\u00f3n del bronce por el tayiko Temur Rakhimov, tambi\u00e9n por tres penalidades.<\/p>\n\n\n\n<p>La regi\u00f3n no hab\u00eda logrado podios en las dos fechas previas del certamen, en el que combatieron atletas de Brasil (17), Cuba (12), Venezuela (cinco), Rep\u00fablica Dominicana (dos) y Chile y Colombia con uno.<\/p>\n\n\n\n<p>En los 78 de las mujeres la polaca Beata Pacut, campeona europea el a\u00f1o pasado, gan\u00f3 el t\u00edtulo por acumulaci\u00f3n de shidos a la alemana Alina Boehm, y el georgiano de 20 a\u00f1os Ilia Sulamanidze, tercero en el mundial del 2021, se coron\u00f3 en 100 de los hombres, dejando en plata al neerland\u00e9s Michael Korrel.<\/p>\n\n\n\n<p>El tornero con sede en el Drive in Arena de la capital israel\u00ed fue dominado por Francia con cuatro doradas, seguida por Azerbaiy\u00e1n, Georgia y Jap\u00f3n con dos.<\/p>\n\n\n\n<p>La pr\u00f3xima parada del circuito mundial de la Federaci\u00f3n Internacional de Judo ser\u00e1 el Grand Slam de Tbilisi, Georgia, del 25 al 27 de marzo.<\/p>\n\n\n\n<p>wmr<\/p>\n","protected":false},"excerpt":{"rendered":"<p>Tel Aviv, 19 feb (Prensa Latina) Los judocas brasile\u00f1os Rafael Silva (m\u00e1s de 100 kilogramos) y Beatriz Souza (m\u00e1s de 78) terminaron hoy subcampeones del Grand Slam de Tel Aviv, en el cual el cubano Iv\u00e1n Felipe Silva (90) conquist\u00f3 un bronce. febrero 19, 2022 CST13:46 (GMT) -0500 El veterano multimedallista mundial y ol\u00edmpico Silva [&hellip;]<\/p>\n","protected":false},"author":28,"featured_media":332437,"comment_status":"closed","ping_status":"","sticky":true,"template":"","format":"standard","meta":{"footnotes":""},"categories":[17,27],"tags":[],"class_list":["post-332436","post","type-post","status-publish","format-standard","has-post-thumbnail","hentry","category-deportes","category-portada"],"_links":{"self":[{"href":"https:\/\/diariodominicano.com\/index.php?rest_route=\/wp\/v2\/posts\/332436","targetHints":{"allow":["GET"]}}],"collection":[{"href":"https:\/\/diariodominicano.com\/index.php?rest_route=\/wp\/v2\/posts"}],"about":[{"href":"https:\/\/diariodominicano.com\/index.php?rest_route=\/wp\/v2\/types\/post"}],"author":[{"embeddable":true,"href":"https:\/\/diariodominicano.com\/index.php?rest_route=\/wp\/v2\/users\/28"}],"replies":[{"embeddable":true,"href":"https:\/\/diariodominicano.com\/index.php?rest_route=%2Fwp%2Fv2%2Fcomments&post=332436"}],"version-history":[{"count":1,"href":"https:\/\/diariodominicano.com\/index.php?rest_route=\/wp\/v2\/posts\/332436\/revisions"}],"predecessor-version":[{"id":332438,"href":"https:\/\/diariodominicano.com\/index.php?rest_route=\/wp\/v2\/posts\/332436\/revisions\/332438"}],"wp:featuredmedia":[{"embeddable":true,"href":"https:\/\/diariodominicano.com\/index.php?rest_route=\/wp\/v2\/media\/332437"}],"wp:attachment":[{"href":"https:\/\/diariodominicano.com\/index.php?rest_route=%2Fwp%2Fv2%2Fmedia&parent=332436"}],"wp:term":[{"taxonomy":"category","embeddable":true,"href":"https:\/\/diariodominicano.com\/index.php?rest_route=%2Fwp%2Fv2%2Fcategories&post=332436"},{"taxonomy":"post_tag","embeddable":true,"href":"https:\/\/diariodominicano.com\/index.php?rest_route=%2Fwp%2Fv2%2Ftags&post=332436"}],"curies":[{"name":"wp","href":"https:\/\/api.w.org\/{rel}","templated":true}]}}