{"id":332264,"date":"2022-02-18T23:38:42","date_gmt":"2022-02-19T03:38:42","guid":{"rendered":"http:\/\/diariodominicano.com\/?p=332264"},"modified":"2022-02-18T23:38:42","modified_gmt":"2022-02-19T03:38:42","slug":"presentaran-el-lunes-el-comite-organizador-del-xlii-torneo-de-basket-superior-de-santiago","status":"publish","type":"post","link":"https:\/\/diariodominicano.com\/?p=332264","title":{"rendered":"Presentar\u00e1n el lunes el Comit\u00e9 Organizador del XLII Torneo de Basket Superior de Santiago"},"content":{"rendered":"\n<p><\/p>\n\n\n\n<p><\/p>\n\n\n\n<p><strong>Santiago.-<\/strong>El comit\u00e9 ejecutivo de la Asociaci\u00f3n de Baloncesto de Santiago de los Caballeros (ABASACA), que preside el deportista Jos\u00e9 Lu\u00eds Aracena y los representantes de los seis Clubes que accionan en el \u201cMejor Torneo del Pa\u00eds\u201d, tienen previsto presentar de manera oficial este lunes 21 del presente mes a los integrantes del comit\u00e9 organizador del venidero XLII Torneo de Baloncesto Superior de la Provincia de Santiago, el cual est\u00e1 programado para iniciar el viernes 18 de marzo del presente a\u00f1o.<br><br><br>La convocatoria con la prensa est\u00e1 programada para iniciar a partir de las 9:00 de la ma\u00f1ana, teniendo como escenario el Sal\u00f3n de Conferencia Juan Pablo Duarte de la Gobernaci\u00f3n Provincia de Santiago, donde el comit\u00e9 ejecutivo de la ABASACA y los representantes de los Clubes tambi\u00e9n ofrecer\u00e1n importantes informaciones relacionadas con el pasado y el venidero Torneo de Baloncesto Superior de dicha Ciudad.<br><br><br>La informaci\u00f3n fue suministrada mediante el departamento de prensa de la instituci\u00f3n por su presidente Jos\u00e9 Lu\u00eds Aracena, quien se\u00f1al\u00f3 la importancia que tiene para esa instituci\u00f3n la presencia de cada uno de los miembros de la prensa deportiva de todo el Pa\u00eds, ya que el Baloncesto Superior de Santiago, no solo abarca esta Provincia sino el Pa\u00eds completo, por lo cual este Baloncesto es un patrimonio nacional y&nbsp; que el mismo tiene que ser protegido por todos los intereses gubernamentales y empresas privadas del territorio nacional.<\/p>\n\n\n\n<p><br><br>\u00abAracena adelant\u00f3 que para el venidero Torneo de Baloncesto Superior de Santiago se estar\u00e1n implementando nuevas estrategias positivas a favor de todos los amantes del tradicional Torneo Superior de Santiago, ya que los fan\u00e1ticos juegan un rol muy importante dentro del mismo\u00bb.<\/p>\n\n\n\n<p><br><br>Finalmente el presidente de ABASACA ratific\u00f3 la invitaci\u00f3n a todos los comunicadores que de una manera u otras han venidos apoyando el \u00abMejor Torneo de Baloncesto del Pa\u00eds\u00bb, para que se den cita este lunes a partir de las 9:00 de la ma\u00f1ana \u00a0a la Gobernaci\u00f3n Provincia de esta Ciudad y formen partes de la apertura de una nueva historia del Baloncesto Superior de Santiago.<\/p>\n\n\n\n<p>Ezequiel Sosa<a target=\"_blank\" href=\"mailto:explociondeportiva@gmail.com\" rel=\"noreferrer noopener\">explociondeportiva@gmail.com<\/a><\/p>\n\n\n\n<p> <strong>Prensa ABASACA<\/strong> <\/p>\n","protected":false},"excerpt":{"rendered":"<p>Santiago.-El comit\u00e9 ejecutivo de la Asociaci\u00f3n de Baloncesto de Santiago de los Caballeros (ABASACA), que preside el deportista Jos\u00e9 Lu\u00eds Aracena y los representantes de los seis Clubes que accionan en el \u201cMejor Torneo del Pa\u00eds\u201d, tienen previsto presentar de manera oficial este lunes 21 del presente mes a los integrantes del comit\u00e9 organizador del [&hellip;]<\/p>\n","protected":false},"author":28,"featured_media":332265,"comment_status":"closed","ping_status":"","sticky":false,"template":"","format":"standard","meta":{"footnotes":""},"categories":[17],"tags":[],"class_list":["post-332264","post","type-post","status-publish","format-standard","has-post-thumbnail","hentry","category-deportes"],"_links":{"self":[{"href":"https:\/\/diariodominicano.com\/index.php?rest_route=\/wp\/v2\/posts\/332264","targetHints":{"allow":["GET"]}}],"collection":[{"href":"https:\/\/diariodominicano.com\/index.php?rest_route=\/wp\/v2\/posts"}],"about":[{"href":"https:\/\/diariodominicano.com\/index.php?rest_route=\/wp\/v2\/types\/post"}],"author":[{"embeddable":true,"href":"https:\/\/diariodominicano.com\/index.php?rest_route=\/wp\/v2\/users\/28"}],"replies":[{"embeddable":true,"href":"https:\/\/diariodominicano.com\/index.php?rest_route=%2Fwp%2Fv2%2Fcomments&post=332264"}],"version-history":[{"count":1,"href":"https:\/\/diariodominicano.com\/index.php?rest_route=\/wp\/v2\/posts\/332264\/revisions"}],"predecessor-version":[{"id":332266,"href":"https:\/\/diariodominicano.com\/index.php?rest_route=\/wp\/v2\/posts\/332264\/revisions\/332266"}],"wp:featuredmedia":[{"embeddable":true,"href":"https:\/\/diariodominicano.com\/index.php?rest_route=\/wp\/v2\/media\/332265"}],"wp:attachment":[{"href":"https:\/\/diariodominicano.com\/index.php?rest_route=%2Fwp%2Fv2%2Fmedia&parent=332264"}],"wp:term":[{"taxonomy":"category","embeddable":true,"href":"https:\/\/diariodominicano.com\/index.php?rest_route=%2Fwp%2Fv2%2Fcategories&post=332264"},{"taxonomy":"post_tag","embeddable":true,"href":"https:\/\/diariodominicano.com\/index.php?rest_route=%2Fwp%2Fv2%2Ftags&post=332264"}],"curies":[{"name":"wp","href":"https:\/\/api.w.org\/{rel}","templated":true}]}}