{"id":332241,"date":"2022-02-18T20:49:16","date_gmt":"2022-02-19T00:49:16","guid":{"rendered":"http:\/\/diariodominicano.com\/?p=332241"},"modified":"2022-02-18T20:50:14","modified_gmt":"2022-02-19T00:50:14","slug":"fedojudo-impartira-i-taller-nage-no-kata-para-sus-asociaciones","status":"publish","type":"post","link":"https:\/\/diariodominicano.com\/?p=332241","title":{"rendered":"Fedojudo impartir\u00e1 I taller Nage No Kata para sus asociaciones\u00a0"},"content":{"rendered":"\n<p><\/p>\n\n\n\n<figure class=\"wp-block-image size-full\"><img loading=\"lazy\" decoding=\"async\" width=\"507\" height=\"447\" src=\"https:\/\/diariodominicano.com\/wp-content\/uploads\/2022\/02\/PHOTO-2022-02-18-14-57-00-1.jpg\" alt=\"\" class=\"wp-image-332244\" srcset=\"https:\/\/diariodominicano.com\/wp-content\/uploads\/2022\/02\/PHOTO-2022-02-18-14-57-00-1.jpg 507w, https:\/\/diariodominicano.com\/wp-content\/uploads\/2022\/02\/PHOTO-2022-02-18-14-57-00-1-300x264.jpg 300w\" sizes=\"auto, (max-width: 507px) 100vw, 507px\" \/><\/figure>\n\n\n\n<p><strong>SANTO DOMINGO<\/strong>. La Federaci\u00f3n Dominicana de Judo (Fedojudo) celebrar\u00e1 este s\u00e1bado y domingo el primer taller nacional de Nage No Kata en la Casa Nacional del Judo del Centro Ol\u00edmpico con m\u00e1s de 70 participantes.&nbsp;<\/p>\n\n\n\n<p>El taller de capacitaci\u00f3n se llevar\u00e1 a cabo de 9:00 de la ma\u00f1ana a 4:00 de la tarde y han sido convocadas todas las asociaciones afiliadas a la Fedojudo.&nbsp;<\/p>\n\n\n\n<p>Para este s\u00e1bado el taller estar\u00e1 dirigido a las asociaciones de las regiones Este y del Sur, mientras que el domingo participar\u00e1n el Distrito Nacional, el Norte y la Metropolitana.&nbsp;<\/p>\n\n\n\n<p>Cada asociaci\u00f3n podr\u00e1 estar representada en el taller por una pareja de atletas masculina y otra femenina, as\u00ed como un entrenador.&nbsp;<\/p>\n\n\n\n<figure class=\"wp-block-image size-full\"><img loading=\"lazy\" decoding=\"async\" width=\"507\" height=\"447\" src=\"https:\/\/diariodominicano.com\/wp-content\/uploads\/2022\/02\/PHOTO-2022-02-18-14-57-00-1-1.jpg\" alt=\"\" class=\"wp-image-332246\" srcset=\"https:\/\/diariodominicano.com\/wp-content\/uploads\/2022\/02\/PHOTO-2022-02-18-14-57-00-1-1.jpg 507w, https:\/\/diariodominicano.com\/wp-content\/uploads\/2022\/02\/PHOTO-2022-02-18-14-57-00-1-1-300x264.jpg 300w\" sizes=\"auto, (max-width: 507px) 100vw, 507px\" \/><\/figure>\n\n\n\n<p>Los trabajos estar\u00e1n a cargo de Jes\u00fas Celestino, director de kata, as\u00ed como por los entrenadores de kata V\u00edctor Jacinto, Luisa Jim\u00e9nez, Dagoberto Botello, Wilfredo Aguilar y Lwilli Santana.&nbsp;<\/p>\n\n\n\n<p>La jornada de capacitaci\u00f3n est\u00e1 coordinada por la direcci\u00f3n t\u00e9cnica que preside Leidi Germ\u00e1n, y tiene como finalidad ampliar y actualizar el desarrollo de la kata a nivel nacional.&nbsp;<\/p>\n\n\n\n<p>El presidente de la Fedojudo, licenciado Gilberto Garc\u00eda, manifest\u00f3 que la capacitaci\u00f3n tiene como objetivo alcanzar el mayor nivel de desarrollo de ese deporte.&nbsp;<\/p>\n\n\n\n<p>Explic\u00f3 que, en lo que va de a\u00f1o, esta ser\u00e1 la tercera fase de capacitaci\u00f3n que ejecuta la Fedojudo para sus afiliados.\u00a0<\/p>\n\n\n\n<p>Jesus Leonardo<a target=\"_blank\" href=\"mailto:hajofra@hotmail.com\" rel=\"noreferrer noopener\">hajofra@hotmail.com<\/a><\/p>\n","protected":false},"excerpt":{"rendered":"<p>SANTO DOMINGO. La Federaci\u00f3n Dominicana de Judo (Fedojudo) celebrar\u00e1 este s\u00e1bado y domingo el primer taller nacional de Nage No Kata en la Casa Nacional del Judo del Centro Ol\u00edmpico con m\u00e1s de 70 participantes.&nbsp; El taller de capacitaci\u00f3n se llevar\u00e1 a cabo de 9:00 de la ma\u00f1ana a 4:00 de la tarde y han [&hellip;]<\/p>\n","protected":false},"author":28,"featured_media":332242,"comment_status":"closed","ping_status":"","sticky":true,"template":"","format":"standard","meta":{"footnotes":""},"categories":[17,27],"tags":[],"class_list":["post-332241","post","type-post","status-publish","format-standard","has-post-thumbnail","hentry","category-deportes","category-portada"],"_links":{"self":[{"href":"https:\/\/diariodominicano.com\/index.php?rest_route=\/wp\/v2\/posts\/332241","targetHints":{"allow":["GET"]}}],"collection":[{"href":"https:\/\/diariodominicano.com\/index.php?rest_route=\/wp\/v2\/posts"}],"about":[{"href":"https:\/\/diariodominicano.com\/index.php?rest_route=\/wp\/v2\/types\/post"}],"author":[{"embeddable":true,"href":"https:\/\/diariodominicano.com\/index.php?rest_route=\/wp\/v2\/users\/28"}],"replies":[{"embeddable":true,"href":"https:\/\/diariodominicano.com\/index.php?rest_route=%2Fwp%2Fv2%2Fcomments&post=332241"}],"version-history":[{"count":3,"href":"https:\/\/diariodominicano.com\/index.php?rest_route=\/wp\/v2\/posts\/332241\/revisions"}],"predecessor-version":[{"id":332247,"href":"https:\/\/diariodominicano.com\/index.php?rest_route=\/wp\/v2\/posts\/332241\/revisions\/332247"}],"wp:featuredmedia":[{"embeddable":true,"href":"https:\/\/diariodominicano.com\/index.php?rest_route=\/wp\/v2\/media\/332242"}],"wp:attachment":[{"href":"https:\/\/diariodominicano.com\/index.php?rest_route=%2Fwp%2Fv2%2Fmedia&parent=332241"}],"wp:term":[{"taxonomy":"category","embeddable":true,"href":"https:\/\/diariodominicano.com\/index.php?rest_route=%2Fwp%2Fv2%2Fcategories&post=332241"},{"taxonomy":"post_tag","embeddable":true,"href":"https:\/\/diariodominicano.com\/index.php?rest_route=%2Fwp%2Fv2%2Ftags&post=332241"}],"curies":[{"name":"wp","href":"https:\/\/api.w.org\/{rel}","templated":true}]}}