{"id":332054,"date":"2022-02-17T22:24:26","date_gmt":"2022-02-18T02:24:26","guid":{"rendered":"http:\/\/diariodominicano.com\/?p=332054"},"modified":"2022-02-17T22:24:26","modified_gmt":"2022-02-18T02:24:26","slug":"ministerio-de-deportes-crea-mesa-de-apoyo-para-el-gran-fondo-ny-rd-de-ciclismo-en-punta-cana","status":"publish","type":"post","link":"https:\/\/diariodominicano.com\/?p=332054","title":{"rendered":"Ministerio de Deportes crea mesa de apoyo para el \u00abGran Fondo NY-RD de Ciclismo\u00bb en Punta Cana"},"content":{"rendered":"\n<p>diariodominicano.com<\/p>\n\n\n\n<p>Santo Domingo, R. D.,  17 de febrero, 2022.- El Ministerio de Deportes y Recreaci\u00f3n anunci\u00f3 la creaci\u00f3n de una mesa de apoyo para la celebraci\u00f3n del \u201cGran Fondo NY-RD de Ciclismo\u00bb, que se celebrar\u00e1 los d\u00edas 19 y 20 de este mes en Punta Cana, con la participaci\u00f3n de m\u00e1s de 1,100 ciclistas del exterior y de la Rep\u00fablica Dominicana.<\/p>\n\n\n\n<p>La informaci\u00f3n la dio a conocer este mi\u00e9rcoles el viceministro Administrativo de Deportes, Franklin De la Mota, quien encabez\u00f3 una importante reuni\u00f3n de trabajo con diversas instituciones del Estado que tambi\u00e9n est\u00e1n apoyando la justa que se celebrar\u00e1 por segunda ocasi\u00f3n en el pa\u00eds.<\/p>\n\n\n\n<p>La justa se iniciar\u00e1 el s\u00e1bado 19 con una exposici\u00f3n en BlueMall, en Punta Cana, y el domingo, desde las 6:30 de la ma\u00f1ana comenzar\u00e1n dos recorridos de 150 kil\u00f3metros y 90 kil\u00f3metros en ese enclave tur\u00edstico. Las rutas se dividir\u00e1n por categor\u00edas.<\/p>\n\n\n\n<p>\u201cNuestro ministro de Deportes, Francisco Camacho, nos ha dado instrucciones precisas para apoyar sin reservas este evento de ciclismo, el cual continuar\u00e1 motorizando el turismo deportivo en el pa\u00eds\u201d, dijo De la Mota.<\/p>\n\n\n\n<p>Manifest\u00f3 que en la mesa de apoyo est\u00e1n trabajando, adem\u00e1s de Miderec, la Direcci\u00f3n General de Aduanas, Politur, Direcci\u00f3n General de Seguridad de Tr\u00e1nsito y Transporte Terrestre (Digesett), el Ministerio de Salud P\u00fablica, Defensa Civil, Direcci\u00f3n General de Migraci\u00f3n y el Ministerio de Obras P\u00fablicas.<\/p>\n\n\n\n<p>De su lado, Noris Bello de Acosta, de la parte organizadora del Gran Fondo NY-RD, afirm\u00f3 que en el evento participar\u00e1 un 60% de ciclistas internacionales y el resto del pa\u00eds.<\/p>\n\n\n\n<p>\u201cCada ciclista siempre trae al pa\u00eds tres o cuatro familiares y eso tendr\u00e1 un impacto en Punta Cana de m\u00e1s de 4,000 personas, lo que dar\u00e1 un gran impulso al turismo deportivo\u201d, subray\u00f3 Bello.<\/p>\n\n\n\n<p>Agradeci\u00f3 al ministro de Deportes, Francisco Camacho, por todo el apoyo que le viene brindando a la justa.<\/p>\n\n\n\n<p>En iguales t\u00e9rminos habl\u00f3 Mario Silfa, supervisor de Aduanas, quien explic\u00f3 que se les estar\u00e1n dando todas las facilidades a los ciclistas a su llegada al pa\u00eds.<\/p>\n\n\n\n<p>Fuente: Direcci\u00f3n de Estrategia y Comunicaci\u00f3n<\/p>\n\n\n\n<p>Ministerio Administrativo de la Presidencia de la Rep\u00fablica Dominicana<\/p>\n","protected":false},"excerpt":{"rendered":"<p>diariodominicano.com Santo Domingo, R. D., 17 de febrero, 2022.- El Ministerio de Deportes y Recreaci\u00f3n anunci\u00f3 la creaci\u00f3n de una mesa de apoyo para la celebraci\u00f3n del \u201cGran Fondo NY-RD de Ciclismo\u00bb, que se celebrar\u00e1 los d\u00edas 19 y 20 de este mes en Punta Cana, con la participaci\u00f3n de m\u00e1s de 1,100 ciclistas del [&hellip;]<\/p>\n","protected":false},"author":5,"featured_media":332056,"comment_status":"closed","ping_status":"","sticky":true,"template":"","format":"standard","meta":{"footnotes":""},"categories":[17,27],"tags":[],"class_list":["post-332054","post","type-post","status-publish","format-standard","has-post-thumbnail","hentry","category-deportes","category-portada"],"_links":{"self":[{"href":"https:\/\/diariodominicano.com\/index.php?rest_route=\/wp\/v2\/posts\/332054","targetHints":{"allow":["GET"]}}],"collection":[{"href":"https:\/\/diariodominicano.com\/index.php?rest_route=\/wp\/v2\/posts"}],"about":[{"href":"https:\/\/diariodominicano.com\/index.php?rest_route=\/wp\/v2\/types\/post"}],"author":[{"embeddable":true,"href":"https:\/\/diariodominicano.com\/index.php?rest_route=\/wp\/v2\/users\/5"}],"replies":[{"embeddable":true,"href":"https:\/\/diariodominicano.com\/index.php?rest_route=%2Fwp%2Fv2%2Fcomments&post=332054"}],"version-history":[{"count":1,"href":"https:\/\/diariodominicano.com\/index.php?rest_route=\/wp\/v2\/posts\/332054\/revisions"}],"predecessor-version":[{"id":332057,"href":"https:\/\/diariodominicano.com\/index.php?rest_route=\/wp\/v2\/posts\/332054\/revisions\/332057"}],"wp:featuredmedia":[{"embeddable":true,"href":"https:\/\/diariodominicano.com\/index.php?rest_route=\/wp\/v2\/media\/332056"}],"wp:attachment":[{"href":"https:\/\/diariodominicano.com\/index.php?rest_route=%2Fwp%2Fv2%2Fmedia&parent=332054"}],"wp:term":[{"taxonomy":"category","embeddable":true,"href":"https:\/\/diariodominicano.com\/index.php?rest_route=%2Fwp%2Fv2%2Fcategories&post=332054"},{"taxonomy":"post_tag","embeddable":true,"href":"https:\/\/diariodominicano.com\/index.php?rest_route=%2Fwp%2Fv2%2Ftags&post=332054"}],"curies":[{"name":"wp","href":"https:\/\/api.w.org\/{rel}","templated":true}]}}