{"id":331984,"date":"2022-02-17T18:38:57","date_gmt":"2022-02-17T22:38:57","guid":{"rendered":"http:\/\/diariodominicano.com\/?p=331984"},"modified":"2022-02-17T18:38:57","modified_gmt":"2022-02-17T22:38:57","slug":"ministerio-de-deportes-impulsa-la-capacitacion-de-tecnicos-deportivos","status":"publish","type":"post","link":"https:\/\/diariodominicano.com\/?p=331984","title":{"rendered":"Ministerio de Deportes impulsa la capacitaci\u00f3n de t\u00e9cnicos deportivos"},"content":{"rendered":"\n<p>diariodominicano.com<\/p>\n\n\n\n<p>Santo Domingo, R. D., 17 de febrero, 2022.- El Ministerio de Deportes impulsa la capacitaci\u00f3n de los t\u00e9cnicos deportivos de la Zona Metropolitana como parte esencial de su desarrollo personal y profesional, como lo establece el programa de Gobierno del presidente Luis Abinader.<\/p>\n\n\n\n<p>El ministro de Deportes, Francisco Camacho, ha puesto en pr\u00e1ctica un amplio programa de capacitaci\u00f3n t\u00e9cnico profesional desde su llegada a esa cartera y su prop\u00f3sito es cumplido al pie de la letra. Su ejecuci\u00f3n recae sobre el viceministro T\u00e9cnico, Elvys Duarte.<\/p>\n\n\n\n<p>El propio Duarte encabez\u00f3 este mi\u00e9rcoles un curso de capacitaci\u00f3n para entrenadores y monitores deportivos del Distrito Nacional y la provincia Santo Domingo, el cual se desarroll\u00f3 en el Centro Ol\u00edmpico Juan Pablo Duarte.<\/p>\n\n\n\n<p>Junto a Duarte estuvieron Evaristo P\u00e9rez, director de Deportes para Todos del Ministerio de Deportes; Franklin Rodr\u00edguez, director de Deportes de la provincia Santo Domingo, y el profesor Fernando Teruel, encargado del Centro de Capacitaci\u00f3n.<\/p>\n\n\n\n<p>\u201cFormar acad\u00e9micamente a nuestros t\u00e9cnicos deportivos es una meta que cumpliremos como lo han dispuesto el presidente Abinader y el ministro Camacho\u201d, precis\u00f3 Duarte.<\/p>\n\n\n\n<p>Por su lado, P\u00e9rez inform\u00f3 que el Ministerio de Deportes y el Departamento de Deportes para Todos celebrar\u00e1n en la venidera Semana Santa varias actividades en los barrios capitalinos para beneficio de los ni\u00f1os y j\u00f3venes.<\/p>\n\n\n\n<p>Un amplio grupo de t\u00e9cnicos particip\u00f3 en el curso de capacitaci\u00f3n para entrenadores y monitores de diferentes disciplinas deportivas.<\/p>\n\n\n\n<p>Fuente: Direcci\u00f3n de Estrategia y Comunicaci\u00f3n<\/p>\n\n\n\n<p>Ministerio Administrativo de la Presidencia de la Rep\u00fablica Dominicana<\/p>\n","protected":false},"excerpt":{"rendered":"<p>diariodominicano.com Santo Domingo, R. D., 17 de febrero, 2022.- El Ministerio de Deportes impulsa la capacitaci\u00f3n de los t\u00e9cnicos deportivos de la Zona Metropolitana como parte esencial de su desarrollo personal y profesional, como lo establece el programa de Gobierno del presidente Luis Abinader. El ministro de Deportes, Francisco Camacho, ha puesto en pr\u00e1ctica un [&hellip;]<\/p>\n","protected":false},"author":5,"featured_media":331993,"comment_status":"closed","ping_status":"","sticky":true,"template":"","format":"standard","meta":{"footnotes":""},"categories":[17,27],"tags":[],"class_list":["post-331984","post","type-post","status-publish","format-standard","has-post-thumbnail","hentry","category-deportes","category-portada"],"_links":{"self":[{"href":"https:\/\/diariodominicano.com\/index.php?rest_route=\/wp\/v2\/posts\/331984","targetHints":{"allow":["GET"]}}],"collection":[{"href":"https:\/\/diariodominicano.com\/index.php?rest_route=\/wp\/v2\/posts"}],"about":[{"href":"https:\/\/diariodominicano.com\/index.php?rest_route=\/wp\/v2\/types\/post"}],"author":[{"embeddable":true,"href":"https:\/\/diariodominicano.com\/index.php?rest_route=\/wp\/v2\/users\/5"}],"replies":[{"embeddable":true,"href":"https:\/\/diariodominicano.com\/index.php?rest_route=%2Fwp%2Fv2%2Fcomments&post=331984"}],"version-history":[{"count":1,"href":"https:\/\/diariodominicano.com\/index.php?rest_route=\/wp\/v2\/posts\/331984\/revisions"}],"predecessor-version":[{"id":331994,"href":"https:\/\/diariodominicano.com\/index.php?rest_route=\/wp\/v2\/posts\/331984\/revisions\/331994"}],"wp:featuredmedia":[{"embeddable":true,"href":"https:\/\/diariodominicano.com\/index.php?rest_route=\/wp\/v2\/media\/331993"}],"wp:attachment":[{"href":"https:\/\/diariodominicano.com\/index.php?rest_route=%2Fwp%2Fv2%2Fmedia&parent=331984"}],"wp:term":[{"taxonomy":"category","embeddable":true,"href":"https:\/\/diariodominicano.com\/index.php?rest_route=%2Fwp%2Fv2%2Fcategories&post=331984"},{"taxonomy":"post_tag","embeddable":true,"href":"https:\/\/diariodominicano.com\/index.php?rest_route=%2Fwp%2Fv2%2Ftags&post=331984"}],"curies":[{"name":"wp","href":"https:\/\/api.w.org\/{rel}","templated":true}]}}