{"id":331716,"date":"2022-02-16T17:53:20","date_gmt":"2022-02-16T21:53:20","guid":{"rendered":"http:\/\/diariodominicano.com\/?p=331716"},"modified":"2022-02-16T17:53:20","modified_gmt":"2022-02-16T21:53:20","slug":"inicia-este-domingo-primer-torneo-de-beisbol-u-12-en-opcion-a-la-copa-alcaldia-de-santiago-dedicado-a-victor-fadul-y-odalis-tejada","status":"publish","type":"post","link":"https:\/\/diariodominicano.com\/?p=331716","title":{"rendered":"Inicia este domingo Primer Torneo de B\u00e9isbol U-12, en opci\u00f3n a la copa Alcald\u00eda de Santiago dedicado a V\u00edctor Fadul y Odalis Tejada"},"content":{"rendered":"\n<p><\/p>\n\n\n\n<p><strong>Santiago.-<\/strong>Con la participaci\u00f3n de seis equipos y m\u00e1s de 120 ni\u00f1os est\u00e1 previsto iniciar el pr\u00f3ximo domingo 20 del presente mes el Primer Torneo de B\u00e9isbol U-12, en la Ciudad de Santiago, organizado por Deportes Caliente y Reynaldo Rom\u00e1n, en opci\u00f3n a la gran Copa Alcald\u00eda de Santiago, teniendo una especial dedicatoria al Diputado V\u00edctor Fadul y al Concejal Odalis Tejada.<\/p>\n\n\n\n<p>Las informaciones fueron dadas a conocer por el comit\u00e9 organizador que preside el comunicador deportivo Reynaldo Rom\u00e1n a trav\u00e9s de una conferencia de prensa realizada la ma\u00f1ana de este mi\u00e9rcoles en el Sal\u00f3n de Conferencia Juan Pablo Duarte de la Alcald\u00eda de Santiago, donde Adem\u00e1s de Reynaldo Rom\u00e1n la mesa de honor estuvo integrada por H\u00e9ctor de Pauda director de deportes de la Alcald\u00eda y Manuel Fr\u00edas representante de la Federaci\u00f3n Dominicana de B\u00e9isbol (FEDOBE).<\/p>\n\n\n\n<figure class=\"wp-block-image size-large\"><img loading=\"lazy\" decoding=\"async\" width=\"1024\" height=\"678\" src=\"https:\/\/diariodominicano.com\/wp-content\/uploads\/2022\/02\/HECTOR-DE-PAUDA-1024x678.jpg\" alt=\"\" class=\"wp-image-331718\" srcset=\"https:\/\/diariodominicano.com\/wp-content\/uploads\/2022\/02\/HECTOR-DE-PAUDA-1024x678.jpg 1024w, https:\/\/diariodominicano.com\/wp-content\/uploads\/2022\/02\/HECTOR-DE-PAUDA-300x199.jpg 300w, https:\/\/diariodominicano.com\/wp-content\/uploads\/2022\/02\/HECTOR-DE-PAUDA-768x508.jpg 768w, https:\/\/diariodominicano.com\/wp-content\/uploads\/2022\/02\/HECTOR-DE-PAUDA-816x540.jpg 816w, https:\/\/diariodominicano.com\/wp-content\/uploads\/2022\/02\/HECTOR-DE-PAUDA.jpg 1280w\" sizes=\"auto, (max-width: 1024px) 100vw, 1024px\" \/><\/figure>\n\n\n\n<p>En el encuentro con la prensa Reynaldo Rom\u00e1n tuvo a su cargo las palabras de bienvenida y los detalles t\u00e9cnicos del evento, el cual est\u00e1 previsto iniciar este domingo y finalizar\u00e1 el domingo 28 de marzo, la justa tendr\u00e1 como sede los Estadios de B\u00e9isbol que componen la Ciudad Deportiva, la cual est\u00e1 ubicada en la parte trasera del Estadio Cibao.<\/p>\n\n\n\n<p>Tambi\u00e9n hicieron uso de las palabras los se\u00f1ores H\u00e9ctor de Pauda y Manuel Fr\u00edas en representaci\u00f3n de la Alcald\u00eda de Santiago y la FEDOBE, respectivamente, donde ambos ratificaron el apoyo incondicional de las instituciones que ellos representan.<\/p>\n\n\n\n<p>La justa est\u00e1 programada para iniciar el domingo con varios partidos de manera simult\u00e1nea en el los Play 2 y 3, de la Ciudad Deportiva a partir de las 2:30 de la tarde, mientras que el acto de ceremonia est\u00e1 programado para ser efectuada a partir de las 6:30 de la tarde, el cual ser\u00e1 transmitido a trav\u00e9s del Canal Delta Tv y las plataformas de Deportes Caliente y las redes sociales del se\u00f1or Reynaldo Rom\u00e1n.<\/p>\n\n\n\n<figure class=\"wp-block-image size-large\"><img loading=\"lazy\" decoding=\"async\" width=\"1024\" height=\"678\" src=\"https:\/\/diariodominicano.com\/wp-content\/uploads\/2022\/02\/REYNALDO-ROMAN-PRESIDENTE-DEL-COMITE-ORGANIZADOR-1024x678.jpg\" alt=\"\" class=\"wp-image-331719\" srcset=\"https:\/\/diariodominicano.com\/wp-content\/uploads\/2022\/02\/REYNALDO-ROMAN-PRESIDENTE-DEL-COMITE-ORGANIZADOR-1024x678.jpg 1024w, https:\/\/diariodominicano.com\/wp-content\/uploads\/2022\/02\/REYNALDO-ROMAN-PRESIDENTE-DEL-COMITE-ORGANIZADOR-300x199.jpg 300w, https:\/\/diariodominicano.com\/wp-content\/uploads\/2022\/02\/REYNALDO-ROMAN-PRESIDENTE-DEL-COMITE-ORGANIZADOR-768x508.jpg 768w, https:\/\/diariodominicano.com\/wp-content\/uploads\/2022\/02\/REYNALDO-ROMAN-PRESIDENTE-DEL-COMITE-ORGANIZADOR-816x540.jpg 816w, https:\/\/diariodominicano.com\/wp-content\/uploads\/2022\/02\/REYNALDO-ROMAN-PRESIDENTE-DEL-COMITE-ORGANIZADOR.jpg 1280w\" sizes=\"auto, (max-width: 1024px) 100vw, 1024px\" \/><\/figure>\n\n\n\n<p>Los equipos que estar\u00e1n accionando en este evento son las ligas: F\u00e9lix de Le\u00f3n del Ensanche Caonabo, Uni\u00f3n Deportiva (UDC) de S\u00e1vica, la liga Juan P\u00e9rez de Rafey, Papucho BB del Ensanche Bol\u00edvar, la Rodr\u00edguez y la Roberto M\u00e9ndez de Gurabo.<\/p>\n\n\n\n<p>Cada equipos jugar\u00e1 10 partidos en la serie regular, donde clasificar\u00e1n los mejores cuatro, enfrent\u00e1ndose en dos series el uno con el cuatro y dos con el tres, ambas series pactadas al mejor de tres encuentros cada una, los ganadores de las mismas se medir\u00e1n en la gran final en una serie pautada al mejor de cinco partidos.<\/p>\n\n\n\n<p>Los equipos campe\u00f3n y subcampe\u00f3n se alzar\u00e1n con las copas Alcald\u00eda de Santiago, mientras que la copa del tercer lugar ser\u00e1 donada por el reconocido grupo t\u00edpico Banda Real, en cada serie tambi\u00e9n ser\u00e1n reconocidos el jugador m\u00e1s destacado a la ofensiva y el mejor lanzador con trofeos donados por la constructora Jim\u00e9nez.<\/p>\n\n\n\n<p>Adem\u00e1s de la Alcald\u00eda de Santiago este evento cuenta con el respaldo y apoyo del reconocido empresario y pol\u00edtico Rub\u00e9n Polanco, el gran grupo t\u00edpico Banda Real, Constructora Jim\u00e9nez, Farmacia Estefania, Jengo Fr\u00edas, Universidad de Choferes el Conductor, Domingo Cremallera, Panda Cibertech, los Panitas Fat Food, Repuesto Usado Ovaliza, Pedro Racing con su producto Vini Pieza MT, el Ministerio de Deportes, FEDOBE, Bernabel Rent Car, Lion Jim\u00e9nez PTE, Gregory Deporte, las Aguilas Cibae\u00f1as, Che Solo Deporte, Radiadores F\u00e9lix el Rubio y Kaquito Deport.<\/p>\n\n\n\n<p>\u00a0<\/p>\n\n\n\n<p>Ezequiel Sosa<a target=\"_blank\" href=\"mailto:explociondeportiva@gmail.com\" rel=\"noreferrer noopener\">explociondeportiva@gmail.com<\/a><\/p>\n\n\n\n<p> <strong>Prensa E &amp; E Sports<\/strong> <\/p>\n","protected":false},"excerpt":{"rendered":"<p>Santiago.-Con la participaci\u00f3n de seis equipos y m\u00e1s de 120 ni\u00f1os est\u00e1 previsto iniciar el pr\u00f3ximo domingo 20 del presente mes el Primer Torneo de B\u00e9isbol U-12, en la Ciudad de Santiago, organizado por Deportes Caliente y Reynaldo Rom\u00e1n, en opci\u00f3n a la gran Copa Alcald\u00eda de Santiago, teniendo una especial dedicatoria al Diputado V\u00edctor [&hellip;]<\/p>\n","protected":false},"author":28,"featured_media":331717,"comment_status":"closed","ping_status":"","sticky":true,"template":"","format":"standard","meta":{"footnotes":""},"categories":[17,27],"tags":[],"class_list":["post-331716","post","type-post","status-publish","format-standard","has-post-thumbnail","hentry","category-deportes","category-portada"],"_links":{"self":[{"href":"https:\/\/diariodominicano.com\/index.php?rest_route=\/wp\/v2\/posts\/331716","targetHints":{"allow":["GET"]}}],"collection":[{"href":"https:\/\/diariodominicano.com\/index.php?rest_route=\/wp\/v2\/posts"}],"about":[{"href":"https:\/\/diariodominicano.com\/index.php?rest_route=\/wp\/v2\/types\/post"}],"author":[{"embeddable":true,"href":"https:\/\/diariodominicano.com\/index.php?rest_route=\/wp\/v2\/users\/28"}],"replies":[{"embeddable":true,"href":"https:\/\/diariodominicano.com\/index.php?rest_route=%2Fwp%2Fv2%2Fcomments&post=331716"}],"version-history":[{"count":1,"href":"https:\/\/diariodominicano.com\/index.php?rest_route=\/wp\/v2\/posts\/331716\/revisions"}],"predecessor-version":[{"id":331720,"href":"https:\/\/diariodominicano.com\/index.php?rest_route=\/wp\/v2\/posts\/331716\/revisions\/331720"}],"wp:featuredmedia":[{"embeddable":true,"href":"https:\/\/diariodominicano.com\/index.php?rest_route=\/wp\/v2\/media\/331717"}],"wp:attachment":[{"href":"https:\/\/diariodominicano.com\/index.php?rest_route=%2Fwp%2Fv2%2Fmedia&parent=331716"}],"wp:term":[{"taxonomy":"category","embeddable":true,"href":"https:\/\/diariodominicano.com\/index.php?rest_route=%2Fwp%2Fv2%2Fcategories&post=331716"},{"taxonomy":"post_tag","embeddable":true,"href":"https:\/\/diariodominicano.com\/index.php?rest_route=%2Fwp%2Fv2%2Ftags&post=331716"}],"curies":[{"name":"wp","href":"https:\/\/api.w.org\/{rel}","templated":true}]}}