{"id":331695,"date":"2022-02-16T17:30:46","date_gmt":"2022-02-16T21:30:46","guid":{"rendered":"http:\/\/diariodominicano.com\/?p=331695"},"modified":"2022-02-16T17:34:02","modified_gmt":"2022-02-16T21:34:02","slug":"celebraran-ocho-carteleras-de-boxeo-y-artes-marciales-mixtas-en-el-pais-en-2022","status":"publish","type":"post","link":"https:\/\/diariodominicano.com\/?p=331695","title":{"rendered":"Celebrar\u00e1n ocho carteleras de boxeo y artes marciales mixtas en el pa\u00eds en 2022"},"content":{"rendered":"\n<p><strong>Shuan Boxing y Fighting Force establecen alianza para fortalecer ambos deportes<\/strong><\/p>\n\n\n\n<p><br>   Franklin De la Mota, viceministro administrativo del Miderec, en representaci\u00f3n del ministro Francisco Camacho,\u00a0elogi\u00f3 el acuerdo realizado\u00a0por las promotoras Shuan Boxing y\u00a0Fighting Force, durante la ceremonia de rueda de prensa celebrada en el sal\u00f3n James\u00a0Rodr\u00edguezdel Ministerio de Deportes.<\/p>\n\n\n\n<figure class=\"wp-block-image size-large\"><img loading=\"lazy\" decoding=\"async\" width=\"1024\" height=\"575\" src=\"https:\/\/diariodominicano.com\/wp-content\/uploads\/2022\/02\/DSC_9048-1024x575.jpg\" alt=\"\" class=\"wp-image-331700\" srcset=\"https:\/\/diariodominicano.com\/wp-content\/uploads\/2022\/02\/DSC_9048-1024x575.jpg 1024w, https:\/\/diariodominicano.com\/wp-content\/uploads\/2022\/02\/DSC_9048-300x168.jpg 300w, https:\/\/diariodominicano.com\/wp-content\/uploads\/2022\/02\/DSC_9048-768x431.jpg 768w, https:\/\/diariodominicano.com\/wp-content\/uploads\/2022\/02\/DSC_9048-1536x862.jpg 1536w, https:\/\/diariodominicano.com\/wp-content\/uploads\/2022\/02\/DSC_9048-2048x1150.jpg 2048w, https:\/\/diariodominicano.com\/wp-content\/uploads\/2022\/02\/DSC_9048-816x458.jpg 816w\" sizes=\"auto, (max-width: 1024px) 100vw, 1024px\" \/><\/figure>\n\n\n\n<p> Santo Domingo.-Las promotoras Shuan Boxing y Fighting Force dieron a conocer este mi\u00e9rcoles que establecieron una alianza para celebrar ocho carteleras de boxeo y artes marciales mixtas este a\u00f1o en el pa\u00eds, cuyas primeras fechas ser\u00e1n el 1 y 2 de abril venidero.<br>Ambas empresas acordaron trabajar de manera unificada para que los amantes de ambos deportes puedan disfrutar de la presentaci\u00f3n de los atletas nacionales e internacionales durante\u00a0\u00a0gran parte del a\u00f1o.<br>\u00abNuestro objetivo es que la Rep\u00fablica Dominicana tenga cuatro peleas de boxeo y cuatro de artes marciales mixtas cada a\u00f1o. Estamos uniendo fuerzas con Shuan Boxing para traer a campeones mundiales y nacionales, para as\u00ed brindar carteleras de calidad, como se ha hecho hasta ahora\u00bb, dijo Rodolfo Dauhajre, presidente de\u00a0Fighting Force.<br>De su lado, B\u00e9lgica Pe\u00f1a, presidenta de Shuan Boxing, destac\u00f3 que la alianza permitir\u00e1 seguir exponiendo los grandes talentos que tiene Rep\u00fablica Dominicana en materia de combates profesionales.<\/p>\n\n\n\n<figure class=\"wp-block-image size-large\"><img loading=\"lazy\" decoding=\"async\" width=\"1024\" height=\"620\" src=\"https:\/\/diariodominicano.com\/wp-content\/uploads\/2022\/02\/DSC_9081-1024x620.jpg\" alt=\"\" class=\"wp-image-331701\" srcset=\"https:\/\/diariodominicano.com\/wp-content\/uploads\/2022\/02\/DSC_9081-1024x620.jpg 1024w, https:\/\/diariodominicano.com\/wp-content\/uploads\/2022\/02\/DSC_9081-300x182.jpg 300w, https:\/\/diariodominicano.com\/wp-content\/uploads\/2022\/02\/DSC_9081-768x465.jpg 768w, https:\/\/diariodominicano.com\/wp-content\/uploads\/2022\/02\/DSC_9081-1536x930.jpg 1536w, https:\/\/diariodominicano.com\/wp-content\/uploads\/2022\/02\/DSC_9081-2048x1239.jpg 2048w, https:\/\/diariodominicano.com\/wp-content\/uploads\/2022\/02\/DSC_9081-816x494.jpg 816w\" sizes=\"auto, (max-width: 1024px) 100vw, 1024px\" \/><\/figure>\n\n\n\n<p>\u00abMe siento muy contenta con este acuerdo, ya que tendremos varias peleas para el deleite del p\u00fablico. Con esto gana el pa\u00eds y les prometemos que se avecinan varios fines de semana de mucha emoci\u00f3n\u00bb, expres\u00f3 Pe\u00f1a durante un acto realizado en el sal\u00f3n James Rodr\u00edguez del Ministerio de Deportes.<br>Por otro lado, el viceministro Administrativo de Deportes, Franklin De la Mota, elogi\u00f3 el acuerdo realizado por ambas promotoras a favor del deporte local, por lo que expres\u00f3 que el Ministerio de Deportes y su titular, Francisco Camacho, seguir\u00e1n apoyando cada cartelera y solicit\u00f3 que los promotores de estas las presenten tambi\u00e9n en el interior del pa\u00eds.<br><strong>Carteleras&nbsp;<\/strong><br>Ambas promotoras anunciaron que para el viernes 1 y s\u00e1bado&nbsp;2 de abril subir\u00e1n las peleas estelares las protagonizar\u00e1n&nbsp;el boxeador dominicano y clasificado n\u00famero dos del mundo en 115 libras de la OMB, Norberto \u00abMene\u00edto\u00bb Jim\u00e9nez, quien arriesgar\u00e1 su clasificaci\u00f3n contra el exretador al t\u00edtulo mundial de esa categor\u00eda, el nicaraguense Keyvin Lara.<\/p>\n\n\n\n<p>Mientras, que el 2 de abril, se celebrar\u00e1 la cartelera de MMA, con el combate estelar que ofrecer\u00e1n El\u00edas Santos contra Carlos \u00abMatador\u00bb Santos.<br>El acto cont\u00f3, adem\u00e1s, con la presencia del \u00fanico campe\u00f3n mundial de boxeo en la actualidad del pa\u00eds, Erick \u00b4MiniPacman\u00b4 Rosa, Domingo Dauhajre, Fernando Dauhajre,} y comisionado nacional de Artes Marciales Mixtas, entre otras personalidades.\u00a0<br>La justa tendr\u00e1 el respaldo del Ministerio de Deportes y Recreaci\u00f3n (Miderec) y la empresa CachaArepa.\u00a0<\/p>\n\n\n\n<p>Randy Cadete<a target=\"_blank\" href=\"mailto:randycadete@gmail.com\" rel=\"noreferrer noopener\">randycadete@gmail.com<\/a><\/p>\n\n\n\n<p> <strong>Video:\u00a0<a rel=\"noreferrer noopener\" href=\"https:\/\/www.youtube.com\/watch?v=jLH0fh83eCo\" target=\"_blank\">https:\/\/www.youtube.com\/watch?v=jLH0fh83eCo<\/a><\/strong> <\/p>\n\n\n\n<p><\/p>\n","protected":false},"excerpt":{"rendered":"<p>Shuan Boxing y Fighting Force establecen alianza para fortalecer ambos deportes Franklin De la Mota, viceministro administrativo del Miderec, en representaci\u00f3n del ministro Francisco Camacho,\u00a0elogi\u00f3 el acuerdo realizado\u00a0por las promotoras Shuan Boxing y\u00a0Fighting Force, durante la ceremonia de rueda de prensa celebrada en el sal\u00f3n James\u00a0Rodr\u00edguezdel Ministerio de Deportes. Santo Domingo.-Las promotoras Shuan Boxing y [&hellip;]<\/p>\n","protected":false},"author":28,"featured_media":331698,"comment_status":"closed","ping_status":"","sticky":true,"template":"","format":"standard","meta":{"footnotes":""},"categories":[17,27],"tags":[],"class_list":["post-331695","post","type-post","status-publish","format-standard","has-post-thumbnail","hentry","category-deportes","category-portada"],"_links":{"self":[{"href":"https:\/\/diariodominicano.com\/index.php?rest_route=\/wp\/v2\/posts\/331695","targetHints":{"allow":["GET"]}}],"collection":[{"href":"https:\/\/diariodominicano.com\/index.php?rest_route=\/wp\/v2\/posts"}],"about":[{"href":"https:\/\/diariodominicano.com\/index.php?rest_route=\/wp\/v2\/types\/post"}],"author":[{"embeddable":true,"href":"https:\/\/diariodominicano.com\/index.php?rest_route=\/wp\/v2\/users\/28"}],"replies":[{"embeddable":true,"href":"https:\/\/diariodominicano.com\/index.php?rest_route=%2Fwp%2Fv2%2Fcomments&post=331695"}],"version-history":[{"count":4,"href":"https:\/\/diariodominicano.com\/index.php?rest_route=\/wp\/v2\/posts\/331695\/revisions"}],"predecessor-version":[{"id":331702,"href":"https:\/\/diariodominicano.com\/index.php?rest_route=\/wp\/v2\/posts\/331695\/revisions\/331702"}],"wp:featuredmedia":[{"embeddable":true,"href":"https:\/\/diariodominicano.com\/index.php?rest_route=\/wp\/v2\/media\/331698"}],"wp:attachment":[{"href":"https:\/\/diariodominicano.com\/index.php?rest_route=%2Fwp%2Fv2%2Fmedia&parent=331695"}],"wp:term":[{"taxonomy":"category","embeddable":true,"href":"https:\/\/diariodominicano.com\/index.php?rest_route=%2Fwp%2Fv2%2Fcategories&post=331695"},{"taxonomy":"post_tag","embeddable":true,"href":"https:\/\/diariodominicano.com\/index.php?rest_route=%2Fwp%2Fv2%2Ftags&post=331695"}],"curies":[{"name":"wp","href":"https:\/\/api.w.org\/{rel}","templated":true}]}}