{"id":331375,"date":"2022-02-15T13:52:08","date_gmt":"2022-02-15T17:52:08","guid":{"rendered":"http:\/\/diariodominicano.com\/?p=331375"},"modified":"2022-02-15T13:52:08","modified_gmt":"2022-02-15T17:52:08","slug":"televisaran-este-miercoles-rueda-de-prensa-con-ultimos-detalles-xl-copa-independencia-boxeo","status":"publish","type":"post","link":"https:\/\/diariodominicano.com\/?p=331375","title":{"rendered":"Televisar\u00e1n este mi\u00e9rcoles rueda de prensa\u00a0con \u00faltimos detalles XL Copa Independencia Boxeo"},"content":{"rendered":"\n<p> <strong>Andr\u00e9s Cueto y  Rosa Santos<\/strong>  <\/p>\n\n\n\n<p><strong>SANTIAGO DE LOS CABALLEROS, RD, 15 de febrero de 2022.-<\/strong>\u00a0El Comit\u00e9 Organizador de la XL Copa Independencia de Boxeo Internacional, dar\u00e1 a conocer los \u00faltimos detalles del evento, en una rueda de prensa que se realizar\u00e1 este mi\u00e9rcoles 16 de febrero a las 5:30 pm, en el sal\u00f3n Juan Pablo Duarte, de la Gobernaci\u00f3n Provincial de Santiago.<\/p>\n\n\n\n<p><strong>E<\/strong>l presidente del Comit\u00e9 Organizador, ingeniero Andr\u00e9s Cueto, director general de EDENORTE y la gobernadora provincial de Santiago, licenciada Rosa Santos, directora general, adem\u00e1s, anunciaron que la actividad ser\u00e1 transmitida en vivo por Tele Uni\u00f3n TV, canal 16, gracias al presidente del mismo, locutor Anthony Marte, quien es director de comercializaci\u00f3n del certamen box\u00edstico.<\/p>\n\n\n\n<p><strong>A<\/strong>ll\u00ed ser\u00e1n ofrecidas todas las informaciones sobre la XL Copa Independencia de Boxeo Internacional, adelantando que las delegaciones de equipos representativos de los pa\u00edses participantes, as\u00ed como jueces internacionales, ya comenzaron a llegar, lo que se completar\u00e1 en la rueda de prensa.<\/p>\n\n\n\n<p><strong>A<\/strong>simismo, se dar\u00e1n a conocer los horarios y d\u00edas oficiales de competencias, \u00faltimos detalles de las selecciones nacionales y la de Santiago, asegurando la presencia de distinguidas personalidades civiles, militares y policiales, as\u00ed como las m\u00e1s altas autoridades deportivas locales y nacionales.<\/p>\n\n\n\n<p><strong>N<\/strong>o quedar\u00e1 un solo detalle de las labores de las comisiones de trabajos en todos los renglones, se enterar\u00e1n de todos los pormenores de inauguraci\u00f3n entre otros, anunciaron el ingeniero Cueto y la licenciada Santos, quienes terminaron diciendo que las invitaciones para la prensa est\u00e1n circulando desde hace varios d\u00edas.<\/p>\n\n\n\n<p>Oscar Polanco<a target=\"_blank\" href=\"mailto:oscarpolanco.santiagord@gmail.com\" rel=\"noreferrer noopener\">oscarpolanco.santiagord@gmail.com<\/a><\/p>\n","protected":false},"excerpt":{"rendered":"<p>Andr\u00e9s Cueto y Rosa Santos SANTIAGO DE LOS CABALLEROS, RD, 15 de febrero de 2022.-\u00a0El Comit\u00e9 Organizador de la XL Copa Independencia de Boxeo Internacional, dar\u00e1 a conocer los \u00faltimos detalles del evento, en una rueda de prensa que se realizar\u00e1 este mi\u00e9rcoles 16 de febrero a las 5:30 pm, en el sal\u00f3n Juan Pablo [&hellip;]<\/p>\n","protected":false},"author":2,"featured_media":331376,"comment_status":"closed","ping_status":"","sticky":false,"template":"","format":"standard","meta":{"footnotes":""},"categories":[17],"tags":[],"class_list":["post-331375","post","type-post","status-publish","format-standard","has-post-thumbnail","hentry","category-deportes"],"_links":{"self":[{"href":"https:\/\/diariodominicano.com\/index.php?rest_route=\/wp\/v2\/posts\/331375","targetHints":{"allow":["GET"]}}],"collection":[{"href":"https:\/\/diariodominicano.com\/index.php?rest_route=\/wp\/v2\/posts"}],"about":[{"href":"https:\/\/diariodominicano.com\/index.php?rest_route=\/wp\/v2\/types\/post"}],"author":[{"embeddable":true,"href":"https:\/\/diariodominicano.com\/index.php?rest_route=\/wp\/v2\/users\/2"}],"replies":[{"embeddable":true,"href":"https:\/\/diariodominicano.com\/index.php?rest_route=%2Fwp%2Fv2%2Fcomments&post=331375"}],"version-history":[{"count":1,"href":"https:\/\/diariodominicano.com\/index.php?rest_route=\/wp\/v2\/posts\/331375\/revisions"}],"predecessor-version":[{"id":331377,"href":"https:\/\/diariodominicano.com\/index.php?rest_route=\/wp\/v2\/posts\/331375\/revisions\/331377"}],"wp:featuredmedia":[{"embeddable":true,"href":"https:\/\/diariodominicano.com\/index.php?rest_route=\/wp\/v2\/media\/331376"}],"wp:attachment":[{"href":"https:\/\/diariodominicano.com\/index.php?rest_route=%2Fwp%2Fv2%2Fmedia&parent=331375"}],"wp:term":[{"taxonomy":"category","embeddable":true,"href":"https:\/\/diariodominicano.com\/index.php?rest_route=%2Fwp%2Fv2%2Fcategories&post=331375"},{"taxonomy":"post_tag","embeddable":true,"href":"https:\/\/diariodominicano.com\/index.php?rest_route=%2Fwp%2Fv2%2Ftags&post=331375"}],"curies":[{"name":"wp","href":"https:\/\/api.w.org\/{rel}","templated":true}]}}