{"id":330536,"date":"2022-02-11T18:10:01","date_gmt":"2022-02-11T22:10:01","guid":{"rendered":"http:\/\/diariodominicano.com\/?p=330536"},"modified":"2022-02-11T18:12:31","modified_gmt":"2022-02-11T22:12:31","slug":"abadina-presenta-su-programa-de-actividades-para-el-2022","status":"publish","type":"post","link":"https:\/\/diariodominicano.com\/?p=330536","title":{"rendered":"ABADINA presenta su programa de actividades para el 2022"},"content":{"rendered":"\n<p><strong>TBS-Distrito iniciar\u00e1 el 17 de agosto.<\/strong><\/p>\n\n\n\n<figure class=\"wp-block-image size-large\"><img loading=\"lazy\" decoding=\"async\" width=\"1024\" height=\"683\" src=\"https:\/\/diariodominicano.com\/wp-content\/uploads\/2022\/02\/IMG-20220210-WA0079-1024x683.jpg\" alt=\"\" class=\"wp-image-330540\" srcset=\"https:\/\/diariodominicano.com\/wp-content\/uploads\/2022\/02\/IMG-20220210-WA0079-1024x683.jpg 1024w, https:\/\/diariodominicano.com\/wp-content\/uploads\/2022\/02\/IMG-20220210-WA0079-300x200.jpg 300w, https:\/\/diariodominicano.com\/wp-content\/uploads\/2022\/02\/IMG-20220210-WA0079-768x512.jpg 768w, https:\/\/diariodominicano.com\/wp-content\/uploads\/2022\/02\/IMG-20220210-WA0079-816x544.jpg 816w, https:\/\/diariodominicano.com\/wp-content\/uploads\/2022\/02\/IMG-20220210-WA0079.jpg 1380w\" sizes=\"auto, (max-width: 1024px) 100vw, 1024px\" \/><\/figure>\n\n\n\n<p><br>Santo Domingo, RD, La Asociaci\u00f3n de Baloncesto del Distrito Nacional (ABADINA) present\u00f3 hoy su programa de actividades para el a\u00f1o 2022, incluyendo la fecha de inicio del Torneo de Baloncesto Superior (TBS-Distrito) en ambas ramas, pautado para el 17 de agosto.<br>Las actividades para este 2022 que realizar\u00e1 la ABADINA incluyen los torneos 3&#215;3 en todas las categor\u00edas, con lo cual se cumple un requerimiento de la Federaci\u00f3n Dominicana de Baloncesto (FEDOMBAL).<br>Los detalles del programa de actividades fueron ofrecidos por Diego Pesqueira, presidente en funciones y Edwin Castillo (Tatico), secretario general, quienes explicaron que la cultura, recreaci\u00f3n y la asistencia social, estar\u00e1n presentes en cada evento.<\/p>\n\n\n\n<figure class=\"wp-block-image size-large\"><img loading=\"lazy\" decoding=\"async\" width=\"908\" height=\"1024\" src=\"https:\/\/diariodominicano.com\/wp-content\/uploads\/2022\/02\/IMG-20220210-WA0171-908x1024.jpg\" alt=\"\" class=\"wp-image-330541\" srcset=\"https:\/\/diariodominicano.com\/wp-content\/uploads\/2022\/02\/IMG-20220210-WA0171-908x1024.jpg 908w, https:\/\/diariodominicano.com\/wp-content\/uploads\/2022\/02\/IMG-20220210-WA0171-266x300.jpg 266w, https:\/\/diariodominicano.com\/wp-content\/uploads\/2022\/02\/IMG-20220210-WA0171-768x866.jpg 768w, https:\/\/diariodominicano.com\/wp-content\/uploads\/2022\/02\/IMG-20220210-WA0171-816x920.jpg 816w, https:\/\/diariodominicano.com\/wp-content\/uploads\/2022\/02\/IMG-20220210-WA0171.jpg 1135w\" sizes=\"auto, (max-width: 908px) 100vw, 908px\" \/><\/figure>\n\n\n\n<p><br>-Febrero-<br>Para este mes de febrero, la ABADINA tiene programado encuentros con los \u00e1rbitros, anotadores, entrenadores, jugadores y organizadores de torneos que son realizados en distintas fechas en la jurisdicci\u00f3n del Distrito Nacional.<\/p>\n\n\n\n<p><br>-Marzo-<br>En tanto que en marzo han sido programados actos para inaugurar la galer\u00eda de ex presidentes, lanzamiento de p\u00e1gina web, escuela de desarrollo y campamentos masculino y femenino U-13.<\/p>\n\n\n\n<figure class=\"wp-block-image size-large\"><img loading=\"lazy\" decoding=\"async\" width=\"1024\" height=\"626\" src=\"https:\/\/diariodominicano.com\/wp-content\/uploads\/2022\/02\/IMG-20220210-WA0172-1024x626.jpg\" alt=\"\" class=\"wp-image-330542\" srcset=\"https:\/\/diariodominicano.com\/wp-content\/uploads\/2022\/02\/IMG-20220210-WA0172-1024x626.jpg 1024w, https:\/\/diariodominicano.com\/wp-content\/uploads\/2022\/02\/IMG-20220210-WA0172-300x184.jpg 300w, https:\/\/diariodominicano.com\/wp-content\/uploads\/2022\/02\/IMG-20220210-WA0172-768x470.jpg 768w, https:\/\/diariodominicano.com\/wp-content\/uploads\/2022\/02\/IMG-20220210-WA0172-816x499.jpg 816w, https:\/\/diariodominicano.com\/wp-content\/uploads\/2022\/02\/IMG-20220210-WA0172.jpg 1280w\" sizes=\"auto, (max-width: 1024px) 100vw, 1024px\" \/><\/figure>\n\n\n\n<p><br>Adem\u00e1s, celebraci\u00f3n de iniciaci\u00f3n de un curso de iniciaci\u00f3n y del torneo presuperior (U-25 masculino).<\/p>\n\n\n\n<p><br>-Abril-<br>En abril continuar\u00e1 el torneo U-25 masculino y se iniciar\u00e1 el convivio Mini-basket. Tambi\u00e9n se pondr\u00e1 en marcha el programa ABADINA con la Comunidad, el cual permitir\u00e1 llevar m\u00faltiples actividades a los clubes.<br>-Mayo-<br>\u00a0Mientras que en mayo, la ABADINA celebrar\u00e1 el torneo U-14 masculino y femenino. Se continuar\u00e1 con el programa ABADINA con la Comunidad.<br>-Junio-<br>En tanto que en junio se dar\u00e1 continuidad al torneo U-14 y se celebrar\u00e1 el festival U-13 en masculino y femenino. En este mes se celebra tambi\u00e9n el programa ABADINA con la Comunidad.<br>-Julio-<br>En julio se celebrar\u00e1n los torneos U-16 masculino y femenino, de la Liga A\u00f1eja 40-60 a\u00f1os. Sigue ABADINA con la Comunidad.<br>-Agosto-\u00a0 \u00a0 \u00a0<br>Mientras que en agosto se dar\u00e1 continuidad al U-16 y se iniciar\u00e1 el torneo de baloncesto superior en ambas ramas. En masculino han confirmado los ocho equipos tradicionales. Tambi\u00e9n continuar\u00e1 ABADINA con la Comunidad.<br>-Septiembre-<br>En tanto que en septiembre ser\u00e1 celebrado el 49 aniversario de la ABADINA, torneo U-19 masculino y femenino. Continuaci\u00f3n de ABADINA con la Comunidad.<br>-Octubre-<br>Para octubre se dar\u00e1 continuidad al torneo U-19, celebraci\u00f3n de la Asamblea Eleccionaria y ABADINA con la Comunidad.<br>-Noviembre-<br>Mientras que en noviembre se trabajar\u00e1 en la planificaci\u00f3n del programa de actividades del 2023 y se continuar\u00e1 con los encuentros con los clubes.<br>-Diciembre-<br>Para diciembre se ha planificado la cena de premiaci\u00f3n y el encuentro con la comunidad.<\/p>\n","protected":false},"excerpt":{"rendered":"<p>TBS-Distrito iniciar\u00e1 el 17 de agosto. Santo Domingo, RD, La Asociaci\u00f3n de Baloncesto del Distrito Nacional (ABADINA) present\u00f3 hoy su programa de actividades para el a\u00f1o 2022, incluyendo la fecha de inicio del Torneo de Baloncesto Superior (TBS-Distrito) en ambas ramas, pautado para el 17 de agosto.Las actividades para este 2022 que realizar\u00e1 la ABADINA [&hellip;]<\/p>\n","protected":false},"author":28,"featured_media":330537,"comment_status":"closed","ping_status":"","sticky":true,"template":"","format":"standard","meta":{"footnotes":""},"categories":[17,27],"tags":[],"class_list":["post-330536","post","type-post","status-publish","format-standard","has-post-thumbnail","hentry","category-deportes","category-portada"],"_links":{"self":[{"href":"https:\/\/diariodominicano.com\/index.php?rest_route=\/wp\/v2\/posts\/330536","targetHints":{"allow":["GET"]}}],"collection":[{"href":"https:\/\/diariodominicano.com\/index.php?rest_route=\/wp\/v2\/posts"}],"about":[{"href":"https:\/\/diariodominicano.com\/index.php?rest_route=\/wp\/v2\/types\/post"}],"author":[{"embeddable":true,"href":"https:\/\/diariodominicano.com\/index.php?rest_route=\/wp\/v2\/users\/28"}],"replies":[{"embeddable":true,"href":"https:\/\/diariodominicano.com\/index.php?rest_route=%2Fwp%2Fv2%2Fcomments&post=330536"}],"version-history":[{"count":3,"href":"https:\/\/diariodominicano.com\/index.php?rest_route=\/wp\/v2\/posts\/330536\/revisions"}],"predecessor-version":[{"id":330543,"href":"https:\/\/diariodominicano.com\/index.php?rest_route=\/wp\/v2\/posts\/330536\/revisions\/330543"}],"wp:featuredmedia":[{"embeddable":true,"href":"https:\/\/diariodominicano.com\/index.php?rest_route=\/wp\/v2\/media\/330537"}],"wp:attachment":[{"href":"https:\/\/diariodominicano.com\/index.php?rest_route=%2Fwp%2Fv2%2Fmedia&parent=330536"}],"wp:term":[{"taxonomy":"category","embeddable":true,"href":"https:\/\/diariodominicano.com\/index.php?rest_route=%2Fwp%2Fv2%2Fcategories&post=330536"},{"taxonomy":"post_tag","embeddable":true,"href":"https:\/\/diariodominicano.com\/index.php?rest_route=%2Fwp%2Fv2%2Ftags&post=330536"}],"curies":[{"name":"wp","href":"https:\/\/api.w.org\/{rel}","templated":true}]}}