{"id":330304,"date":"2022-02-10T19:16:14","date_gmt":"2022-02-10T23:16:14","guid":{"rendered":"http:\/\/diariodominicano.com\/?p=330304"},"modified":"2022-02-10T19:17:08","modified_gmt":"2022-02-10T23:17:08","slug":"convocatoria-de-rd-para-iniciar-ruta-hacia-el-mundial-femenino-de-2023","status":"publish","type":"post","link":"https:\/\/diariodominicano.com\/?p=330304","title":{"rendered":"Convocatoria de RD para iniciar ruta hacia el Mundial Femenino de 2023"},"content":{"rendered":"\n<p><\/p>\n\n\n\n<figure class=\"wp-block-image size-large\"><img loading=\"lazy\" decoding=\"async\" width=\"1024\" height=\"682\" src=\"https:\/\/diariodominicano.com\/wp-content\/uploads\/2022\/02\/Meagan-Harbison-1-1024x682.jpg\" alt=\"\" class=\"wp-image-330307\" srcset=\"https:\/\/diariodominicano.com\/wp-content\/uploads\/2022\/02\/Meagan-Harbison-1-1024x682.jpg 1024w, https:\/\/diariodominicano.com\/wp-content\/uploads\/2022\/02\/Meagan-Harbison-1-300x200.jpg 300w, https:\/\/diariodominicano.com\/wp-content\/uploads\/2022\/02\/Meagan-Harbison-1-768x512.jpg 768w, https:\/\/diariodominicano.com\/wp-content\/uploads\/2022\/02\/Meagan-Harbison-1-816x544.jpg 816w, https:\/\/diariodominicano.com\/wp-content\/uploads\/2022\/02\/Meagan-Harbison-1.jpg 1280w\" sizes=\"auto, (max-width: 1024px) 100vw, 1024px\" \/><\/figure>\n\n\n\n<p>SANTO DOMINGO, RD.- El cuerpo t\u00e9cnico de la selecci\u00f3n nacional femenina de mayores dio a conocer el listado de jugadoras convocadas para afrontar los dos primeros partidos de Rep\u00fablica Dominicana en la Clasificatoria de Concacaf para la Copa Mundial Femenina de la FIFA Australia \u2013 Nueva Zelanda 2023.<\/p>\n\n\n\n<p>El combinado patrio har\u00e1 su debut el mi\u00e9rcoles 16 de febrero como locales y tres d\u00edas despu\u00e9s deber\u00e1 visitar a Islas Caim\u00e1n.<\/p>\n\n\n\n<p>En la convocatoria destaca el regreso a la selecci\u00f3n de la experimentada mediocampista Meagan Harbison, quien estuvo fuera de las canchas por largo tiempo tras lesionarse en febrero de 2021 cuando la Sedof\u00fatbol disput\u00f3 un par de partidos preparatorios ante Puerto Rico. Sin dudas es una gran incorporaci\u00f3n para el conjunto nacional de cara a la ruta mundialista.<\/p>\n\n\n\n<figure class=\"wp-block-image size-full\"><img loading=\"lazy\" decoding=\"async\" width=\"720\" height=\"440\" src=\"https:\/\/diariodominicano.com\/wp-content\/uploads\/2022\/02\/Sedofutbol-Absoluta-Femenina-vs-Trinidad-y-Tobago-Noviembre-2021.jpg\" alt=\"\" class=\"wp-image-330309\" srcset=\"https:\/\/diariodominicano.com\/wp-content\/uploads\/2022\/02\/Sedofutbol-Absoluta-Femenina-vs-Trinidad-y-Tobago-Noviembre-2021.jpg 720w, https:\/\/diariodominicano.com\/wp-content\/uploads\/2022\/02\/Sedofutbol-Absoluta-Femenina-vs-Trinidad-y-Tobago-Noviembre-2021-300x183.jpg 300w\" sizes=\"auto, (max-width: 720px) 100vw, 720px\" \/><\/figure>\n\n\n\n<p>Las futbolistas que recibieron el llamado del seleccionador nacional Jos\u00e9 Rubido fueron:<\/p>\n\n\n\n<p><strong>Porteras<\/strong><\/p>\n\n\n\n<p>Claudia Torres (Bob Soccer School \u2013 RD)<\/p>\n\n\n\n<p>Paloma Pe\u00f1a (Archbishop Edward McCarthy Highschool \u2013 USA)<\/p>\n\n\n\n<p><strong>Defensas<\/strong><\/p>\n\n\n\n<p>Brianne Reed (FC Nordsj\u00e6lland \u2013 Dinamarca)<\/p>\n\n\n\n<p>Gabriela Cuevas (KuPS \u2013 Finlandia)<\/p>\n\n\n\n<p>Gabriella Marte (Hosftra \u2013 USA)<\/p>\n\n\n\n<p>Lynette Ure\u00f1a (Delaware State University \u2013 USA)<\/p>\n\n\n\n<p>Yomerci Brito (5 de Abril \u2013 RD)<\/p>\n\n\n\n<p>Giovanna Dionicio (Yale University \u2013 USA)<\/p>\n\n\n\n<p>Keisla Gil (5 de Abril \u2013 RD)<\/p>\n\n\n\n<p>Paola Then (Santa Fe FC \u2013 RD)<\/p>\n\n\n\n<p>Alexa Pacheco (Goldey Beacom College \u2013 USA)<\/p>\n\n\n\n<p>Nadia Col\u00f3n (University of Texas RGV \u2013 USA)<\/p>\n\n\n\n<p><strong>Mediocampistas<\/strong><\/p>\n\n\n\n<p>Manuela Lareo (RCD Espanyol \u2013 Espa\u00f1a)<\/p>\n\n\n\n<p>Luc\u00eda Marte (Real Betis \u2013 Espa\u00f1a)<\/p>\n\n\n\n<p>Jazlyn Oviedo (Monmouth University \u2013 USA)<\/p>\n\n\n\n<p>Meagan Harbison<\/p>\n\n\n\n<p>Winibian Peralta (Bob Soccer School \u2013 RD)<\/p>\n\n\n\n<p>Liliane Clase (Angelina College \u2013 USA)<\/p>\n\n\n\n<p>Emely Pichardo (Barton College \u2013 USA)<\/p>\n\n\n\n<p>Johanna Santelis (Bob Soccer School \u2013 RD)<\/p>\n\n\n\n<p><strong>Delanteras<\/strong><\/p>\n\n\n\n<p>Vanessa Kara<\/p>\n\n\n\n<p>Winifer Santa (Getafe \u2013 Espa\u00f1a)<\/p>\n\n\n\n<p>Angelina Vargas (PDA \u2013 USA)<\/p>\n\n\n\n<p>Alyssa Oviedo (University of Vermont \u2013 USA)<\/p>\n\n\n\n<p>Daphne Heyaime (DV7 \u2013 RD)<\/p>\n\n\n\n<p>La Sedof\u00fatbol estar\u00e1 enfrentando a Granada el mi\u00e9rcoles 16 de febrero a las 7:00 de la noche en el Estadio Ol\u00edmpico F\u00e9lix S\u00e1nchez de Santo Domingo y su segundo partido lo disputar\u00e1 el s\u00e1bado 19 en condici\u00f3n de visitante ante Islas Caim\u00e1n en el Truman Bodden Stadium desde las 8:00 PM (hora dominicana).<\/p>\n\n\n\n<p>Rep\u00fablica Dominicana est\u00e1 en el Grupo C de esta clasificatoria mundialista, donde adem\u00e1s est\u00e1n Bermuda y Jamaica, rivales que la tricolor encarar\u00e1 en las fechas tres y cuatro respectivamente, pautadas para el mes de abril de 2022.<\/p>\n\n\n\n<p>Fedofutbol Prensa<a target=\"_blank\" href=\"mailto:fedofutbolprensa2019@gmail.com\" rel=\"noreferrer noopener\">fedofutbolprensa2019@gmail.com<\/a><\/p>\n\n\n\n<p>PRENSAFEDOFUTBOL&nbsp;<\/p>\n","protected":false},"excerpt":{"rendered":"<p>SANTO DOMINGO, RD.- El cuerpo t\u00e9cnico de la selecci\u00f3n nacional femenina de mayores dio a conocer el listado de jugadoras convocadas para afrontar los dos primeros partidos de Rep\u00fablica Dominicana en la Clasificatoria de Concacaf para la Copa Mundial Femenina de la FIFA Australia \u2013 Nueva Zelanda 2023. El combinado patrio har\u00e1 su debut el [&hellip;]<\/p>\n","protected":false},"author":28,"featured_media":330305,"comment_status":"closed","ping_status":"","sticky":true,"template":"","format":"standard","meta":{"footnotes":""},"categories":[17,27],"tags":[],"class_list":["post-330304","post","type-post","status-publish","format-standard","has-post-thumbnail","hentry","category-deportes","category-portada"],"_links":{"self":[{"href":"https:\/\/diariodominicano.com\/index.php?rest_route=\/wp\/v2\/posts\/330304","targetHints":{"allow":["GET"]}}],"collection":[{"href":"https:\/\/diariodominicano.com\/index.php?rest_route=\/wp\/v2\/posts"}],"about":[{"href":"https:\/\/diariodominicano.com\/index.php?rest_route=\/wp\/v2\/types\/post"}],"author":[{"embeddable":true,"href":"https:\/\/diariodominicano.com\/index.php?rest_route=\/wp\/v2\/users\/28"}],"replies":[{"embeddable":true,"href":"https:\/\/diariodominicano.com\/index.php?rest_route=%2Fwp%2Fv2%2Fcomments&post=330304"}],"version-history":[{"count":3,"href":"https:\/\/diariodominicano.com\/index.php?rest_route=\/wp\/v2\/posts\/330304\/revisions"}],"predecessor-version":[{"id":330310,"href":"https:\/\/diariodominicano.com\/index.php?rest_route=\/wp\/v2\/posts\/330304\/revisions\/330310"}],"wp:featuredmedia":[{"embeddable":true,"href":"https:\/\/diariodominicano.com\/index.php?rest_route=\/wp\/v2\/media\/330305"}],"wp:attachment":[{"href":"https:\/\/diariodominicano.com\/index.php?rest_route=%2Fwp%2Fv2%2Fmedia&parent=330304"}],"wp:term":[{"taxonomy":"category","embeddable":true,"href":"https:\/\/diariodominicano.com\/index.php?rest_route=%2Fwp%2Fv2%2Fcategories&post=330304"},{"taxonomy":"post_tag","embeddable":true,"href":"https:\/\/diariodominicano.com\/index.php?rest_route=%2Fwp%2Fv2%2Ftags&post=330304"}],"curies":[{"name":"wp","href":"https:\/\/api.w.org\/{rel}","templated":true}]}}