{"id":330286,"date":"2022-02-10T17:54:32","date_gmt":"2022-02-10T21:54:32","guid":{"rendered":"http:\/\/diariodominicano.com\/?p=330286"},"modified":"2022-02-10T17:54:32","modified_gmt":"2022-02-10T21:54:32","slug":"ecuador-panama-y-puerto-rico-inscriben-selecciones-para-xl-copa-independencia-boxeo","status":"publish","type":"post","link":"https:\/\/diariodominicano.com\/?p=330286","title":{"rendered":"Ecuador, Panam\u00e1 y Puerto Rico inscriben\u00a0selecciones para XL Copa Independencia Boxeo"},"content":{"rendered":"\n<p> <strong>Encuentro realizado recientemente\u00a0<\/strong>.<\/p>\n\n\n\n<p><strong>SANTIAGO DE LOS CABALLEROS, Santiago,  RD, 10 de febrero de 2022.-<\/strong>\u00a0Las selecciones internacionales de Ecuador, Panam\u00e1 y Puerto Rico, fueron inscritas oficialmente para participar en la XL Copa Independencia de Boxeo Internacional, que se realizar\u00e1 en esta ciudad los d\u00edas, 17, 18, 19, 20 y 21 de febrero.<\/p>\n\n\n\n<p><strong>A<\/strong>s\u00ed fue informado en un encuentro de revisi\u00f3n de trabajos que se realiz\u00f3 con las diferentes direcciones acordes a la ruta cr\u00edtica, la cual avanza adecuadamente, seg\u00fan dieron a conocer el presidente del Comit\u00e9 Organizador, ingeniero Andr\u00e9s Cueto, gerente general de EDENORTE y la directora general, licenciada Rosa Santos, gobernadora provincial de Santiago.<\/p>\n\n\n\n<p><strong>E<\/strong>l ingeniero Cueto y la licenciada Santos, quienes dirigieron el encuentro realizado en EDENORTE, recordaron que, los combates de la competencia se realizar\u00e1n en el techado del club Pueblo Nuevo, de la barriada del mismo nombre, acorde a un calendario que se dar\u00e1 a conocer oportunamente.<\/p>\n\n\n\n<p><strong>SELECCI\u00d3N DE ECUADOR:<\/strong><\/p>\n\n\n\n<p><strong>L<\/strong>a selecci\u00f3n de Ecuador inscribe 13 atletas, seis masculinos y siete femeninos, tres entrenadores y un delegado, siendo su equipo masculino, en 48 kilogramos (kg), Willy Arias; en 51kg, Y\u00e9remy Ch\u00e1vez; 63.5, Jean Carlos Anchico; 71kg, Jos\u00e9 Rodr\u00edguez; 75kg, Bryan Angulo y en 80kg, Carlos Mina.<\/p>\n\n\n\n<p><strong>E<\/strong>l equipo femenino de Ecuador inscribe en 48kg, Daniela Tenorio; 50kg, G\u00e9nesis G\u00f3mez; 54kg, Helen S\u00e1nchez; 60kg, Jamileth Salas; 63kg, Samantha Valencia; 70kg, Daniela Porozo y en 82kg, Naydelin Huac\u00f3n, sus entrenadores son, Iv\u00e1n Bravo, Edgar Loor y Jos\u00e9 Pucuna, mientras que, Alex Jim\u00e9nez, es el delegado.<\/p>\n\n\n\n<p><strong>SELECCI\u00d3N DE PANAM\u00c1:<\/strong><\/p>\n\n\n\n<p><strong>L<\/strong>a delegaci\u00f3n de Panam\u00e1, la cual presenta cinco atletas y tres delegados, siendo los boxeadores, en 52 kilogramos (Kg), Yuliett Hinestroza; en 48Kg, Miguel Bernal; en 60Kg, Mois\u00e9s Rodr\u00edguez; en 67Kg, Alejandro D\u00edaz y en 75Kg, Aldair Salazar; jefe de equipo, Edwin Marqu\u00ednez; Yuliana Torres y Jos\u00e9 Perigault, son los entrenadores.<\/p>\n\n\n\n<p><strong>DELEGACI\u00d3N DE PUERTO RICO:<\/strong><\/p>\n\n\n\n<p>Mientras que, la Isla del Encanto, Puerto Rico, inscribi\u00f3 su fuerza \u00e9lite de 15 pugilistas, siendo 5 femeninas y 10 masculinos: Boxeadoras, en 48kg, Belisa L\u00f3pez: 54kg, Angelyris L\u00f3pez; 60kg, Tayshka Gonz\u00e1lez; 63kg, Tatiana Ortiz y en 70kg, Naireshlie Ortiz.<\/p>\n\n\n\n<p><strong>P<\/strong>ugilistas masculinos: En 51kg, Malik Qui\u00f1ones; 54kg, Jean Pag\u00e1n; 57kg, Keith Col\u00f3n; 60kg, Manuel Febus; 63.5kg, Christopher Ortiz: 63.5, Denis Cab\u00e1n; 67kg, Bryan P\u00e9rez; 67kg, William Ortiz; 86kg, Sean Lloyd y m\u00e1s de 92kg, Carlos Morales, mientras que, los entrenadores son, Orlando Pinero y Emilio Lozada.<\/p>\n\n\n\n<p>Oscar Polanco<a target=\"_blank\" href=\"mailto:oscarpolanco.santiagord@gmail.com\" rel=\"noreferrer noopener\">oscarpolanco.santiagord@gmail.com<\/a><\/p>\n\n\n\n<p><\/p>\n","protected":false},"excerpt":{"rendered":"<p>Encuentro realizado recientemente\u00a0. SANTIAGO DE LOS CABALLEROS, Santiago, RD, 10 de febrero de 2022.-\u00a0Las selecciones internacionales de Ecuador, Panam\u00e1 y Puerto Rico, fueron inscritas oficialmente para participar en la XL Copa Independencia de Boxeo Internacional, que se realizar\u00e1 en esta ciudad los d\u00edas, 17, 18, 19, 20 y 21 de febrero. As\u00ed fue informado en [&hellip;]<\/p>\n","protected":false},"author":28,"featured_media":330287,"comment_status":"closed","ping_status":"","sticky":true,"template":"","format":"standard","meta":{"footnotes":""},"categories":[17,27],"tags":[],"class_list":["post-330286","post","type-post","status-publish","format-standard","has-post-thumbnail","hentry","category-deportes","category-portada"],"_links":{"self":[{"href":"https:\/\/diariodominicano.com\/index.php?rest_route=\/wp\/v2\/posts\/330286","targetHints":{"allow":["GET"]}}],"collection":[{"href":"https:\/\/diariodominicano.com\/index.php?rest_route=\/wp\/v2\/posts"}],"about":[{"href":"https:\/\/diariodominicano.com\/index.php?rest_route=\/wp\/v2\/types\/post"}],"author":[{"embeddable":true,"href":"https:\/\/diariodominicano.com\/index.php?rest_route=\/wp\/v2\/users\/28"}],"replies":[{"embeddable":true,"href":"https:\/\/diariodominicano.com\/index.php?rest_route=%2Fwp%2Fv2%2Fcomments&post=330286"}],"version-history":[{"count":1,"href":"https:\/\/diariodominicano.com\/index.php?rest_route=\/wp\/v2\/posts\/330286\/revisions"}],"predecessor-version":[{"id":330288,"href":"https:\/\/diariodominicano.com\/index.php?rest_route=\/wp\/v2\/posts\/330286\/revisions\/330288"}],"wp:featuredmedia":[{"embeddable":true,"href":"https:\/\/diariodominicano.com\/index.php?rest_route=\/wp\/v2\/media\/330287"}],"wp:attachment":[{"href":"https:\/\/diariodominicano.com\/index.php?rest_route=%2Fwp%2Fv2%2Fmedia&parent=330286"}],"wp:term":[{"taxonomy":"category","embeddable":true,"href":"https:\/\/diariodominicano.com\/index.php?rest_route=%2Fwp%2Fv2%2Fcategories&post=330286"},{"taxonomy":"post_tag","embeddable":true,"href":"https:\/\/diariodominicano.com\/index.php?rest_route=%2Fwp%2Fv2%2Ftags&post=330286"}],"curies":[{"name":"wp","href":"https:\/\/api.w.org\/{rel}","templated":true}]}}