{"id":329582,"date":"2022-02-07T21:42:59","date_gmt":"2022-02-08T01:42:59","guid":{"rendered":"http:\/\/diariodominicano.com\/?p=329582"},"modified":"2022-02-07T21:46:39","modified_gmt":"2022-02-08T01:46:39","slug":"garcia-asegura-capacitacion-contribuye-al-crecimiento-del-judo","status":"publish","type":"post","link":"https:\/\/diariodominicano.com\/?p=329582","title":{"rendered":"Garc\u00eda asegura capacitaci\u00f3n contribuye al crecimiento del judo. Fedojudo resalta importancia curso-taller administraci\u00f3n deportiva y arbitraje\u00a0"},"content":{"rendered":"\n<p> Los directivos de la Fedojudo, Gilberto Garc\u00eda, Luisa Mart\u00ednez, Leidi Germ\u00e1n, Jessica Marcelino y Mar\u00eda Garc\u00eda, junto a parte de los participantes en el curso-taller.\u00a0 <\/p>\n\n\n\n<p><\/p>\n\n\n\n<p><strong>SANTO DOMINGO<\/strong>, RD.\u00a0El presidente de la Federaci\u00f3n Dominicana de Judo (Fedojudo), licenciado Gilberto Garc\u00eda, manifest\u00f3 que la capacitaci\u00f3n forma parte de la lucha que lleva la entidad que dirige para el crecimiento de ese deporte.\u00a0<\/p>\n\n\n\n<figure class=\"wp-block-image size-large\"><img loading=\"lazy\" decoding=\"async\" width=\"1024\" height=\"576\" src=\"https:\/\/diariodominicano.com\/wp-content\/uploads\/2022\/02\/unnamed-1-1024x576.jpg\" alt=\"\" class=\"wp-image-329586\" srcset=\"https:\/\/diariodominicano.com\/wp-content\/uploads\/2022\/02\/unnamed-1-1024x576.jpg 1024w, https:\/\/diariodominicano.com\/wp-content\/uploads\/2022\/02\/unnamed-1-300x169.jpg 300w, https:\/\/diariodominicano.com\/wp-content\/uploads\/2022\/02\/unnamed-1-768x432.jpg 768w, https:\/\/diariodominicano.com\/wp-content\/uploads\/2022\/02\/unnamed-1-816x459.jpg 816w, https:\/\/diariodominicano.com\/wp-content\/uploads\/2022\/02\/unnamed-1.jpg 1280w\" sizes=\"auto, (max-width: 1024px) 100vw, 1024px\" \/><figcaption>Gilberto Garc\u00eda<\/figcaption><\/figure>\n\n\n\n<p>El presidente de la Fedojudo dijo, adem\u00e1s, que espera que en este nuevo ciclo ol\u00edmpico que inicia los objetivos sigan hacia adelante como se lo han propuesto.&nbsp;<\/p>\n\n\n\n<p>\u201cEstamos luchando, trabajando para el crecimiento del judo. La capacitaci\u00f3n la estamos haciendo de manera continua\u201d, sostuvo Garc\u00eda en el cierre del&nbsp;curso-taller&nbsp;Direcci\u00f3n Deportiva y Arbitraje que se llev\u00f3 a cabo en el fin de semana en la Fedojudo.&nbsp;<\/p>\n\n\n\n<p>El encuentro de capacitaci\u00f3n, el segundo que realiza la&nbsp;Fedojudo&nbsp;este a\u00f1o, se llev\u00f3 a cabo a trav\u00e9s de la direcci\u00f3n t\u00e9cnica del organismo y estuvo dirigido a aspirantes a \u00e1rbitros y direcci\u00f3n deportiva.&nbsp;<\/p>\n\n\n\n<p>Mientras, la directora t\u00e9cnica de la Fedojudo, Leidi Germ\u00e1n, se\u00f1al\u00f3 que el objetivo del curso-taller Direcci\u00f3n Deportiva y Arbitra es el primero de una serie que se realizar\u00e1n, y que su objetivo es que todos manejen los conocimientos de las dos citadas \u00e1reas.&nbsp;<\/p>\n\n\n\n<figure class=\"wp-block-image size-large\"><img loading=\"lazy\" decoding=\"async\" width=\"1024\" height=\"461\" src=\"https:\/\/diariodominicano.com\/wp-content\/uploads\/2022\/02\/PHOTO-2022-02-04-19-51-23-1024x461.jpg\" alt=\"\" class=\"wp-image-329587\" srcset=\"https:\/\/diariodominicano.com\/wp-content\/uploads\/2022\/02\/PHOTO-2022-02-04-19-51-23-1024x461.jpg 1024w, https:\/\/diariodominicano.com\/wp-content\/uploads\/2022\/02\/PHOTO-2022-02-04-19-51-23-300x135.jpg 300w, https:\/\/diariodominicano.com\/wp-content\/uploads\/2022\/02\/PHOTO-2022-02-04-19-51-23-768x346.jpg 768w, https:\/\/diariodominicano.com\/wp-content\/uploads\/2022\/02\/PHOTO-2022-02-04-19-51-23-816x367.jpg 816w, https:\/\/diariodominicano.com\/wp-content\/uploads\/2022\/02\/PHOTO-2022-02-04-19-51-23.jpg 1160w\" sizes=\"auto, (max-width: 1024px) 100vw, 1024px\" \/><\/figure>\n\n\n\n<p>\u201cQueremos fortalecer el conocimiento para que el judo siga creciendo en cada uno de los lugares donde se practica\u201d, asegur\u00f3 Germ\u00e1n.&nbsp;<\/p>\n\n\n\n<p>El programa cont\u00f3 con diversos temas, los cuales tuvieron como expositores al \u00e1rbitro Juan Manuel Minier y la experta Jessica Marcelino.&nbsp;&nbsp;<\/p>\n\n\n\n<p>Un total de 77 personas de las provincias y municipios tomaron parte en el encuentro, que se hizo de forma presencial tomando en cuenta los protocolos de salud dispuestos por Salud P\u00fablica por la pandemia del coronavirus.&nbsp;&nbsp;<\/p>\n\n\n\n<p>Adem\u00e1s de la Casa Nacional del Judo, el&nbsp;curso-taller&nbsp;Direcci\u00f3n Deportiva y Arbitraje tuvo como escenario el Centro de Capacitaci\u00f3n del Ministerio de Deportes.&nbsp;<\/p>\n\n\n\n<p>Entre los temas abordados durante el curso-taller estuvieron \u201cUso y funci\u00f3n del video retardo, as\u00ed como \u201crelaci\u00f3n y direcci\u00f3n deportiva y arbitraje\u201d, \u201cIntroducci\u00f3n al arbitraje, pooles, evaluaci\u00f3n de combates y se\u00f1alizaciones.&nbsp;<\/p>\n\n\n\n<p>Adem\u00e1s, \u201can\u00e1lisis de nuevas reglas de arbitraje, as\u00ed como pantalla y explicaci\u00f3n pr\u00e1ctico\u201d, y ceremonia de cierra.\u00a0\u00a0<\/p>\n\n\n\n<p>Jesus Leonardo<a target=\"_blank\" href=\"mailto:hajofra@hotmail.com\" rel=\"noreferrer noopener\">hajofra@hotmail.com<\/a><\/p>\n","protected":false},"excerpt":{"rendered":"<p>Los directivos de la Fedojudo, Gilberto Garc\u00eda, Luisa Mart\u00ednez, Leidi Germ\u00e1n, Jessica Marcelino y Mar\u00eda Garc\u00eda, junto a parte de los participantes en el curso-taller.\u00a0 SANTO DOMINGO, RD.\u00a0El presidente de la Federaci\u00f3n Dominicana de Judo (Fedojudo), licenciado Gilberto Garc\u00eda, manifest\u00f3 que la capacitaci\u00f3n forma parte de la lucha que lleva la entidad que dirige para [&hellip;]<\/p>\n","protected":false},"author":28,"featured_media":329583,"comment_status":"closed","ping_status":"","sticky":true,"template":"","format":"standard","meta":{"footnotes":""},"categories":[17,27],"tags":[],"class_list":["post-329582","post","type-post","status-publish","format-standard","has-post-thumbnail","hentry","category-deportes","category-portada"],"_links":{"self":[{"href":"https:\/\/diariodominicano.com\/index.php?rest_route=\/wp\/v2\/posts\/329582","targetHints":{"allow":["GET"]}}],"collection":[{"href":"https:\/\/diariodominicano.com\/index.php?rest_route=\/wp\/v2\/posts"}],"about":[{"href":"https:\/\/diariodominicano.com\/index.php?rest_route=\/wp\/v2\/types\/post"}],"author":[{"embeddable":true,"href":"https:\/\/diariodominicano.com\/index.php?rest_route=\/wp\/v2\/users\/28"}],"replies":[{"embeddable":true,"href":"https:\/\/diariodominicano.com\/index.php?rest_route=%2Fwp%2Fv2%2Fcomments&post=329582"}],"version-history":[{"count":4,"href":"https:\/\/diariodominicano.com\/index.php?rest_route=\/wp\/v2\/posts\/329582\/revisions"}],"predecessor-version":[{"id":329589,"href":"https:\/\/diariodominicano.com\/index.php?rest_route=\/wp\/v2\/posts\/329582\/revisions\/329589"}],"wp:featuredmedia":[{"embeddable":true,"href":"https:\/\/diariodominicano.com\/index.php?rest_route=\/wp\/v2\/media\/329583"}],"wp:attachment":[{"href":"https:\/\/diariodominicano.com\/index.php?rest_route=%2Fwp%2Fv2%2Fmedia&parent=329582"}],"wp:term":[{"taxonomy":"category","embeddable":true,"href":"https:\/\/diariodominicano.com\/index.php?rest_route=%2Fwp%2Fv2%2Fcategories&post=329582"},{"taxonomy":"post_tag","embeddable":true,"href":"https:\/\/diariodominicano.com\/index.php?rest_route=%2Fwp%2Fv2%2Ftags&post=329582"}],"curies":[{"name":"wp","href":"https:\/\/api.w.org\/{rel}","templated":true}]}}