{"id":329508,"date":"2022-02-07T13:44:57","date_gmt":"2022-02-07T17:44:57","guid":{"rendered":"http:\/\/diariodominicano.com\/?p=329508"},"modified":"2022-02-07T13:44:57","modified_gmt":"2022-02-07T17:44:57","slug":"ministros-de-educacion-deportes-e-interior-reafirman-respaldo-del-gobierno-al-deporte-escolar-y-comunitario-2","status":"publish","type":"post","link":"https:\/\/diariodominicano.com\/?p=329508","title":{"rendered":"Ministros de Educaci\u00f3n, Deportes e Interior reafirman respaldo del Gobierno al deporte escolar y comunitario"},"content":{"rendered":"\n<p>diariodominicano.com<\/p>\n\n\n\n<p>Santo Domingo, R. D.,  7 de febrero, 2022.- Uno de los ejes fundamentales para las gestiones del ministro de Deportes, Francisco Camacho, y el de Educaci\u00f3n, Roberto Fulcar, es rescatar y fortalecer el deporte escolar para que desde las escuelas nazcan los futuros atletas que requerir\u00e1 el pa\u00eds.<\/p>\n\n\n\n<p>El ministro de Educaci\u00f3n se mostr\u00f3 lleno de expectativas por la colaboraci\u00f3n que hace junto al Ministerio de Deportes y otras instituciones del Gobierno con la finalidad de impulsar la educaci\u00f3n f\u00edsica, no solo en las escuelas, sino m\u00e1s all\u00e1, en las comunidades.<\/p>\n\n\n\n<p>\u201cEs una articulaci\u00f3n estatal para promover el deporte, los valores, promover la educaci\u00f3n y sobre todo para conectar a la comunidad con la escuela\u201d, destac\u00f3 Fulcar.<\/p>\n\n\n\n<p>Adem\u00e1s, el ministro Fulcar resalt\u00f3 que las instalaciones deportivas que sean construidas en los centros escolares podr\u00e1n ser utilizadas por las comunidades en los horarios nocturnos y d\u00edas feriados.<\/p>\n\n\n\n<p>El funcionario conf\u00eda en que, con los acuerdos firmados, la educaci\u00f3n f\u00edsica va a trascender para llegar a la materializaci\u00f3n de una pr\u00e1ctica deportiva desde las escuelas hasta la colectividad.<\/p>\n\n\n\n<p>Por esa raz\u00f3n, los ministerios de Deportes, Educaci\u00f3n e Interior y Polic\u00eda se han comprometido a trav\u00e9s de distintos acuerdos interinstitucionales a articular pol\u00edticas para el desarrollo deportivo en el sistema educativo y tambi\u00e9n en las comunidades.<\/p>\n\n\n\n<p>\u201cDonde se necesite el deporte, una cancha, un polideportivo, un centro comunitario, ah\u00ed estaremos, trabajando, entreg\u00e1ndonos en cuerpo y alma, para que la sociedad dominicana cuente con una instalaci\u00f3n deportiva digna, para que se practiquen diversas disciplinas\u201d, expres\u00f3 el ministro de Deportes, Francisco Camacho.<\/p>\n\n\n\n<p>Precis\u00f3 que as\u00ed lo ha dispuesto el presidente Luis Abinader, desde el momento mismo en que asumi\u00f3 los destinos de la naci\u00f3n, para implementar el Gobierno del Cambio.<\/p>\n\n\n\n<p>De su lado, el ministro de Interior y Polic\u00eda, Jes\u00fas V\u00e1squez Mart\u00ednez, destac\u00f3 la importancia de este tipo de acuerdo que no solo va a beneficiar a los estudiantes, sino a toda la sociedad.<\/p>\n\n\n\n<p>\u201cTenemos que trabajar fuertemente en el deporte, porque todos en alg\u00fan momento fuimos deportistas. Y esto es un gran impulso para motivar a las personas a practicar una disciplina deportiva\u201d, indic\u00f3.<\/p>\n\n\n\n<p>Todos estos planes para impulsar el deporte escolar y comunitario se encuentran en marcha, a trav\u00e9s de Ind\u00f3mita RD, un proyecto que tiene como fin iniciar el deporte desde las escuelas, y que cambiar\u00e1 el futuro de los estudiantes, ya que no tendr\u00e1n que salir de los centros educativos para alcanzar sus sue\u00f1os de ser deportistas, sino que sus sue\u00f1os ser\u00e1n llevados a las aulas.<\/p>\n\n\n\n<p>Ind\u00f3mita RD propone un conjunto de ideas, programas, planes y acciones para canalizar el lanzamiento del deporte en escuelas, colegios y liceos de modo que haya m\u00e1s oportunidades para los j\u00f3venes. Ellos son la fuente de inspiraci\u00f3n de las ejecutorias del presidente Abinader, para construir un mejor pa\u00eds en el presente y para asegurar un mejor futuro.<\/p>\n\n\n\n<p>Como forma de contribuir al fortalecimiento del deporte comunitario, el Ministerio de Deportes entreg\u00f3 100 canchas m\u00f3viles al sector de Cristo Rey, en la capital, entrega que forma parte del plan piloto de la Estrategia Integral de Seguridad Ciudadana \u201cMi Pa\u00eds Seguro\u201d, y con esto contribuir a que los j\u00f3venes de esa popular barriada tengan un espacio para practicar deporte y alejarse de los vicios y la delincuencia. As\u00ed se ha hecho en otras barriadas del Distrito Nacional y de varias provincias.<\/p>\n\n\n\n<p>Fuente: Direcci\u00f3n de Estrategia y Comunicaci\u00f3n<\/p>\n\n\n\n<p>Ministerio Administrativo de la Presidencia de la Rep\u00fablica Dominicana<\/p>\n","protected":false},"excerpt":{"rendered":"<p>diariodominicano.com Santo Domingo, R. D., 7 de febrero, 2022.- Uno de los ejes fundamentales para las gestiones del ministro de Deportes, Francisco Camacho, y el de Educaci\u00f3n, Roberto Fulcar, es rescatar y fortalecer el deporte escolar para que desde las escuelas nazcan los futuros atletas que requerir\u00e1 el pa\u00eds. El ministro de Educaci\u00f3n se mostr\u00f3 [&hellip;]<\/p>\n","protected":false},"author":5,"featured_media":329509,"comment_status":"closed","ping_status":"","sticky":true,"template":"","format":"standard","meta":{"footnotes":""},"categories":[17,27],"tags":[],"class_list":["post-329508","post","type-post","status-publish","format-standard","has-post-thumbnail","hentry","category-deportes","category-portada"],"_links":{"self":[{"href":"https:\/\/diariodominicano.com\/index.php?rest_route=\/wp\/v2\/posts\/329508","targetHints":{"allow":["GET"]}}],"collection":[{"href":"https:\/\/diariodominicano.com\/index.php?rest_route=\/wp\/v2\/posts"}],"about":[{"href":"https:\/\/diariodominicano.com\/index.php?rest_route=\/wp\/v2\/types\/post"}],"author":[{"embeddable":true,"href":"https:\/\/diariodominicano.com\/index.php?rest_route=\/wp\/v2\/users\/5"}],"replies":[{"embeddable":true,"href":"https:\/\/diariodominicano.com\/index.php?rest_route=%2Fwp%2Fv2%2Fcomments&post=329508"}],"version-history":[{"count":1,"href":"https:\/\/diariodominicano.com\/index.php?rest_route=\/wp\/v2\/posts\/329508\/revisions"}],"predecessor-version":[{"id":329510,"href":"https:\/\/diariodominicano.com\/index.php?rest_route=\/wp\/v2\/posts\/329508\/revisions\/329510"}],"wp:featuredmedia":[{"embeddable":true,"href":"https:\/\/diariodominicano.com\/index.php?rest_route=\/wp\/v2\/media\/329509"}],"wp:attachment":[{"href":"https:\/\/diariodominicano.com\/index.php?rest_route=%2Fwp%2Fv2%2Fmedia&parent=329508"}],"wp:term":[{"taxonomy":"category","embeddable":true,"href":"https:\/\/diariodominicano.com\/index.php?rest_route=%2Fwp%2Fv2%2Fcategories&post=329508"},{"taxonomy":"post_tag","embeddable":true,"href":"https:\/\/diariodominicano.com\/index.php?rest_route=%2Fwp%2Fv2%2Ftags&post=329508"}],"curies":[{"name":"wp","href":"https:\/\/api.w.org\/{rel}","templated":true}]}}