{"id":329245,"date":"2022-02-06T17:00:48","date_gmt":"2022-02-06T21:00:48","guid":{"rendered":"http:\/\/diariodominicano.com\/?p=329245"},"modified":"2022-02-06T17:02:45","modified_gmt":"2022-02-06T21:02:45","slug":"sedofutbol-sub-17-femenina-se-activo-con-jugadoras-del-torneo-local","status":"publish","type":"post","link":"https:\/\/diariodominicano.com\/?p=329245","title":{"rendered":"Sedof\u00fatbol sub-17 Femenina se activ\u00f3 con jugadoras del torneo local"},"content":{"rendered":"\n<p><\/p>\n\n\n\n<figure class=\"wp-block-image size-large\"><img loading=\"lazy\" decoding=\"async\" width=\"1024\" height=\"754\" src=\"https:\/\/diariodominicano.com\/wp-content\/uploads\/2022\/02\/IMG_2768-1024x754.jpg\" alt=\"\" class=\"wp-image-329250\" srcset=\"https:\/\/diariodominicano.com\/wp-content\/uploads\/2022\/02\/IMG_2768-1024x754.jpg 1024w, https:\/\/diariodominicano.com\/wp-content\/uploads\/2022\/02\/IMG_2768-300x221.jpg 300w, https:\/\/diariodominicano.com\/wp-content\/uploads\/2022\/02\/IMG_2768-768x565.jpg 768w, https:\/\/diariodominicano.com\/wp-content\/uploads\/2022\/02\/IMG_2768-1536x1130.jpg 1536w, https:\/\/diariodominicano.com\/wp-content\/uploads\/2022\/02\/IMG_2768-2048x1507.jpg 2048w, https:\/\/diariodominicano.com\/wp-content\/uploads\/2022\/02\/IMG_2768-816x601.jpg 816w\" sizes=\"auto, (max-width: 1024px) 100vw, 1024px\" \/><\/figure>\n\n\n\n<p>SANTO DOMINGO, RD.- La selecci\u00f3n femenina sub-17 desarroll\u00f3 su primer m\u00f3dulo de este 2022 con jugadoras que militan en el f\u00fatbol local desde el pasado jueves 3 hasta este domingo 6 de febrero. El plan de trabajo se llev\u00f3 a cabo en el Centro de Alto Rendimiento (CAR) de la Federaci\u00f3n Dominicana de F\u00fatbol, ubicado en San Crist\u00f3bal bajo la coordinaci\u00f3n de la entrenadora Betzaida Ubri.<\/p>\n\n\n\n<p><\/p>\n\n\n\n<p>De las 22 futbolistas convocadas para este microciclo, solo dos no pudieron trabajar con el grupo.&nbsp;<\/p>\n\n\n\n<p>\u201cRosaura De Paula asisti\u00f3 al llamado, pero debi\u00f3 salir de la concentraci\u00f3n debido a que ten\u00eda que acudir a una cita m\u00e9dica para que le hicieran una resonancia magn\u00e9tica y determinar la lesi\u00f3n que la aqueja desde hace dos semanas. El otro caso fue el de Yoneldy Pe\u00f1a, quien sufri\u00f3 una lesi\u00f3n previa al m\u00f3dulo, por lo que el cuerpo t\u00e9cnico de la Sedof\u00fatbol decidi\u00f3 que no asistiera por prevenci\u00f3n\u201d,&nbsp;manifest\u00f3 Ubri.<\/p>\n\n\n\n<figure class=\"wp-block-image size-large\"><img loading=\"lazy\" decoding=\"async\" width=\"1024\" height=\"683\" src=\"https:\/\/diariodominicano.com\/wp-content\/uploads\/2022\/02\/IMG_2825-1024x683.jpg\" alt=\"\" class=\"wp-image-329251\" srcset=\"https:\/\/diariodominicano.com\/wp-content\/uploads\/2022\/02\/IMG_2825-1024x683.jpg 1024w, https:\/\/diariodominicano.com\/wp-content\/uploads\/2022\/02\/IMG_2825-300x200.jpg 300w, https:\/\/diariodominicano.com\/wp-content\/uploads\/2022\/02\/IMG_2825-768x512.jpg 768w, https:\/\/diariodominicano.com\/wp-content\/uploads\/2022\/02\/IMG_2825-1536x1024.jpg 1536w, https:\/\/diariodominicano.com\/wp-content\/uploads\/2022\/02\/IMG_2825-2048x1365.jpg 2048w, https:\/\/diariodominicano.com\/wp-content\/uploads\/2022\/02\/IMG_2825-816x544.jpg 816w\" sizes=\"auto, (max-width: 1024px) 100vw, 1024px\" \/><\/figure>\n\n\n\n<p>El resto de las chicas estuvieron desarrollando la agenda planificada sin problemas hasta la ma\u00f1ana de este domingo cuando regresaron a sus respectivos clubes. La llegada se dio el jueves por la ma\u00f1ana y por la tarde se realiz\u00f3 el primer entrenamiento, el viernes se trabaj\u00f3 a doble turno con un partido ante el Club 5 de abril por la tarde, mientras que s\u00e1bado y domingo se realizaron sesiones \u00fanicas.<\/p>\n\n\n\n<p>Este m\u00f3dulo es parte de la preparaci\u00f3n que est\u00e1 en marcha de cara al Campeonato Femenino U17 de Concacaf que se celebrar\u00e1 en nuestro pa\u00eds a finales de abril y que otorgar\u00e1 boletos a la Copa Mundial Femenina de la FIFA de la categor\u00eda, evento programado del 11 al 30 de octubre de 2022 en India.<\/p>\n\n\n\n<p>Fedofutbol Prensa<a target=\"_blank\" href=\"mailto:fedofutbolprensa2019@gmail.com\" rel=\"noreferrer noopener\">fedofutbolprensa2019@gmail.co<\/a><\/p>\n\n\n\n<p>PRENSA FEDOFUTBOL&nbsp;<\/p>\n","protected":false},"excerpt":{"rendered":"<p>SANTO DOMINGO, RD.- La selecci\u00f3n femenina sub-17 desarroll\u00f3 su primer m\u00f3dulo de este 2022 con jugadoras que militan en el f\u00fatbol local desde el pasado jueves 3 hasta este domingo 6 de febrero. El plan de trabajo se llev\u00f3 a cabo en el Centro de Alto Rendimiento (CAR) de la Federaci\u00f3n Dominicana de F\u00fatbol, ubicado [&hellip;]<\/p>\n","protected":false},"author":28,"featured_media":329248,"comment_status":"closed","ping_status":"","sticky":true,"template":"","format":"standard","meta":{"footnotes":""},"categories":[17,27],"tags":[],"class_list":["post-329245","post","type-post","status-publish","format-standard","has-post-thumbnail","hentry","category-deportes","category-portada"],"_links":{"self":[{"href":"https:\/\/diariodominicano.com\/index.php?rest_route=\/wp\/v2\/posts\/329245","targetHints":{"allow":["GET"]}}],"collection":[{"href":"https:\/\/diariodominicano.com\/index.php?rest_route=\/wp\/v2\/posts"}],"about":[{"href":"https:\/\/diariodominicano.com\/index.php?rest_route=\/wp\/v2\/types\/post"}],"author":[{"embeddable":true,"href":"https:\/\/diariodominicano.com\/index.php?rest_route=\/wp\/v2\/users\/28"}],"replies":[{"embeddable":true,"href":"https:\/\/diariodominicano.com\/index.php?rest_route=%2Fwp%2Fv2%2Fcomments&post=329245"}],"version-history":[{"count":4,"href":"https:\/\/diariodominicano.com\/index.php?rest_route=\/wp\/v2\/posts\/329245\/revisions"}],"predecessor-version":[{"id":329252,"href":"https:\/\/diariodominicano.com\/index.php?rest_route=\/wp\/v2\/posts\/329245\/revisions\/329252"}],"wp:featuredmedia":[{"embeddable":true,"href":"https:\/\/diariodominicano.com\/index.php?rest_route=\/wp\/v2\/media\/329248"}],"wp:attachment":[{"href":"https:\/\/diariodominicano.com\/index.php?rest_route=%2Fwp%2Fv2%2Fmedia&parent=329245"}],"wp:term":[{"taxonomy":"category","embeddable":true,"href":"https:\/\/diariodominicano.com\/index.php?rest_route=%2Fwp%2Fv2%2Fcategories&post=329245"},{"taxonomy":"post_tag","embeddable":true,"href":"https:\/\/diariodominicano.com\/index.php?rest_route=%2Fwp%2Fv2%2Ftags&post=329245"}],"curies":[{"name":"wp","href":"https:\/\/api.w.org\/{rel}","templated":true}]}}