{"id":329068,"date":"2022-02-05T16:50:46","date_gmt":"2022-02-05T20:50:46","guid":{"rendered":"http:\/\/diariodominicano.com\/?p=329068"},"modified":"2022-02-05T16:51:54","modified_gmt":"2022-02-05T20:51:54","slug":"seleccion-de-santiago-para-xl-copa-independencia-de-boxeo-en-fogueo-vs-las-de-moca-nagua-y-valverde","status":"publish","type":"post","link":"https:\/\/diariodominicano.com\/?p=329068","title":{"rendered":"Selecci\u00f3n de Santiago para XL Copa Independencia de Boxeo\u00a0en fogueo vs las de Moca, Nagua y Valverde"},"content":{"rendered":"\n<p><\/p>\n\n\n\n<p> <strong>El maestro Guelo P\u00e9rez junto a los atletas que entrena<\/strong> <\/p>\n\n\n\n<p><strong>SANTIAGO DE LOS CABALLEROS, Santiago, RD, 5 de febrero de 2022.-<\/strong>\u00a0La selecci\u00f3n que representar\u00e1 a Santiago en la XL Copa Independencia de Boxeo Internacional, sostendr\u00e1 un fuerte fogueo contra las de Moca, Nagua y Valverde (Mao), esta tarde desde las tres y media en el ring del club Rub\u00e9n Espino, de Los Salados, en esta ciudad.<\/p>\n\n\n\n<p><\/p>\n\n\n\n<p><br>\u00a0As\u00ed lo dio a conocer el se\u00f1or Ariel Acosta, presidente de la Asociaci\u00f3n de Boxeo de Santiago, quien adelant\u00f3 que la cartelera comenzar\u00e1 a las tres y media de esta tarde (s\u00e1bado), en la mencionada instalaci\u00f3n deportiva.<br>\u00a0Agreg\u00f3 que el entrenador y t\u00e9cnico de boxeo, maestro Miguel -Guelo- P\u00e9rez, junto a otros asistentes, tiene a su cargo la preparaci\u00f3n de los atletas que representar\u00e1n a Santiago.<\/p>\n\n\n\n<p>Oscar Polanco<a target=\"_blank\" href=\"mailto:oscarpolanco.santiagord@gmail.com\" rel=\"noreferrer noopener\">oscarpolanco.santiagord@gmail.c<\/a><\/p>\n","protected":false},"excerpt":{"rendered":"<p>El maestro Guelo P\u00e9rez junto a los atletas que entrena SANTIAGO DE LOS CABALLEROS, Santiago, RD, 5 de febrero de 2022.-\u00a0La selecci\u00f3n que representar\u00e1 a Santiago en la XL Copa Independencia de Boxeo Internacional, sostendr\u00e1 un fuerte fogueo contra las de Moca, Nagua y Valverde (Mao), esta tarde desde las tres y media en el [&hellip;]<\/p>\n","protected":false},"author":28,"featured_media":329071,"comment_status":"closed","ping_status":"","sticky":true,"template":"","format":"standard","meta":{"footnotes":""},"categories":[17],"tags":[],"class_list":["post-329068","post","type-post","status-publish","format-standard","has-post-thumbnail","hentry","category-deportes"],"_links":{"self":[{"href":"https:\/\/diariodominicano.com\/index.php?rest_route=\/wp\/v2\/posts\/329068","targetHints":{"allow":["GET"]}}],"collection":[{"href":"https:\/\/diariodominicano.com\/index.php?rest_route=\/wp\/v2\/posts"}],"about":[{"href":"https:\/\/diariodominicano.com\/index.php?rest_route=\/wp\/v2\/types\/post"}],"author":[{"embeddable":true,"href":"https:\/\/diariodominicano.com\/index.php?rest_route=\/wp\/v2\/users\/28"}],"replies":[{"embeddable":true,"href":"https:\/\/diariodominicano.com\/index.php?rest_route=%2Fwp%2Fv2%2Fcomments&post=329068"}],"version-history":[{"count":4,"href":"https:\/\/diariodominicano.com\/index.php?rest_route=\/wp\/v2\/posts\/329068\/revisions"}],"predecessor-version":[{"id":329073,"href":"https:\/\/diariodominicano.com\/index.php?rest_route=\/wp\/v2\/posts\/329068\/revisions\/329073"}],"wp:featuredmedia":[{"embeddable":true,"href":"https:\/\/diariodominicano.com\/index.php?rest_route=\/wp\/v2\/media\/329071"}],"wp:attachment":[{"href":"https:\/\/diariodominicano.com\/index.php?rest_route=%2Fwp%2Fv2%2Fmedia&parent=329068"}],"wp:term":[{"taxonomy":"category","embeddable":true,"href":"https:\/\/diariodominicano.com\/index.php?rest_route=%2Fwp%2Fv2%2Fcategories&post=329068"},{"taxonomy":"post_tag","embeddable":true,"href":"https:\/\/diariodominicano.com\/index.php?rest_route=%2Fwp%2Fv2%2Ftags&post=329068"}],"curies":[{"name":"wp","href":"https:\/\/api.w.org\/{rel}","templated":true}]}}