{"id":328879,"date":"2022-02-04T16:39:33","date_gmt":"2022-02-04T20:39:33","guid":{"rendered":"http:\/\/diariodominicano.com\/?p=328879"},"modified":"2022-02-04T16:39:33","modified_gmt":"2022-02-04T20:39:33","slug":"judocas-cubanos-buscan-preparacion-en-paris-sin-descartar-podio","status":"publish","type":"post","link":"https:\/\/diariodominicano.com\/?p=328879","title":{"rendered":"Judocas cubanos buscan preparaci\u00f3n en Par\u00eds, sin descartar podio"},"content":{"rendered":"\n<p>Par\u00eds, 4 feb (Prensa Latina) Judocas cubanos de nivel mundial consideraron hoy el Grand Slam de Par\u00eds una oportunidad ideal para comenzar su preparaci\u00f3n de cara a otras competencias importantes del nuevo ciclo ol\u00edmpico, sin renunciar a pelear por el podio.<\/p>\n\n\n\n<ul class=\"wp-block-list\"><li>febrero 4, 2022<\/li><li>CST15:13 (GMT) -0500<\/li><\/ul>\n\n\n\n<p>A solo unas horas del comienzo del prestigioso torneo, Prensa Latina convers\u00f3 con el subcampe\u00f3n mundial del 2018 Iv\u00e1n Felipe Silva (90 kilogramos), Andy Granda (m\u00e1s de 100) y Mayl\u00edn del Toro (63), los atletas m\u00e1s experimentados y laureados de la decena de representantes de la isla que llegaron esta ma\u00f1ana a la Ciudad de la Luz.<\/p>\n\n\n\n<p>Sabemos que ser\u00e1 una competencia muy exigente, que permitir\u00e1 medirme a varios de los principales rivales de la divisi\u00f3n, y para nosotros en este momento lo fundamental es la preparaci\u00f3n, se\u00f1al\u00f3 Silva, quien subir\u00e1 al tatami el domingo, en la segunda y \u00faltima jornada del certamen con sede en la sala AccorArena.<\/p>\n\n\n\n<p>El judoca que estar\u00e1 cumpliendo 26 a\u00f1os en unos d\u00edas precis\u00f3 que combatir\u00e1 con la mente en un resultado, pese a que el judo cubano no compite en el alto nivel desde los Juegos Ol\u00edmpicos de Tokio.<\/p>\n\n\n\n<p>Tengo muchas ganas, y repetir una medalla en Par\u00eds ser\u00eda en lo personal un buen logro, coment\u00f3 el ganador de una presea de bronce en el Grand Slam del 2020 de la capital francesa, en la \u00faltima participaci\u00f3n de la mayor de las Antillas en el campeonato que instalar\u00e1 ma\u00f1ana su edici\u00f3n 48.<\/p>\n\n\n\n<p>Por su parte, el tambi\u00e9n medallista de bronce en ese torneo, el s\u00faper pesado Granda estim\u00f3 que lo fundamental es ir paso a paso, hasta alcanzar la forma \u00f3ptima, con la mira en eventos de este a\u00f1o, como el Panamericano de Lima, Per\u00fa, en abril, y el Campeonato Mundial de Taskent, Uzbekist\u00e1n, se\u00f1alado en octubre, y otros de la talla de las olimpiadas de Par\u00eds-2024.<\/p>\n\n\n\n<p>De cualquier manera, aqu\u00ed tratar\u00e9 de igualar o mejorar el resultado del 2020, expuso.<\/p>\n\n\n\n<p>En el caso de del Toro, su principal objetivo en la competencia es disfrutarla e iniciar el camino hacia la mejor condici\u00f3n f\u00edsica posible.<\/p>\n\n\n\n<p>Me somet\u00ed a una operaci\u00f3n de tobillo, y aunque vengo a dar lo mejor de m\u00ed, ahora mismo es dif\u00edcil pensar en una medalla, y s\u00ed en ganar confianza para los pr\u00f3ximos cert\u00e1menes, manifest\u00f3 a Prensa Latina la campeona panamericana de Lima-2019, donde tambi\u00e9n Silva y Granda subieron a lo m\u00e1s alto del podio.<\/p>\n\n\n\n<p>Los tres atletas mencionaron sus expectativas en el ciclo ol\u00edmpico que culminar\u00e1 en Par\u00eds-2024, insistiendo en que es un per\u00edodo largo, con muchas etapas intermedias a superar.<\/p>\n\n\n\n<p>El judo cubano espera participar despu\u00e9s de Par\u00eds en los Grand Slam de Tel Aviv, Israel (17-19 de febrero), Tbilisi, Georgia (25-27 de marzo) y Antalya, Turqu\u00eda (1-3 de abril).<\/p>\n\n\n\n<p>rgh\/wmr<\/p>\n","protected":false},"excerpt":{"rendered":"<p>Par\u00eds, 4 feb (Prensa Latina) Judocas cubanos de nivel mundial consideraron hoy el Grand Slam de Par\u00eds una oportunidad ideal para comenzar su preparaci\u00f3n de cara a otras competencias importantes del nuevo ciclo ol\u00edmpico, sin renunciar a pelear por el podio. febrero 4, 2022 CST15:13 (GMT) -0500 A solo unas horas del comienzo del prestigioso [&hellip;]<\/p>\n","protected":false},"author":28,"featured_media":328880,"comment_status":"closed","ping_status":"","sticky":false,"template":"","format":"standard","meta":{"footnotes":""},"categories":[17],"tags":[],"class_list":["post-328879","post","type-post","status-publish","format-standard","has-post-thumbnail","hentry","category-deportes"],"_links":{"self":[{"href":"https:\/\/diariodominicano.com\/index.php?rest_route=\/wp\/v2\/posts\/328879","targetHints":{"allow":["GET"]}}],"collection":[{"href":"https:\/\/diariodominicano.com\/index.php?rest_route=\/wp\/v2\/posts"}],"about":[{"href":"https:\/\/diariodominicano.com\/index.php?rest_route=\/wp\/v2\/types\/post"}],"author":[{"embeddable":true,"href":"https:\/\/diariodominicano.com\/index.php?rest_route=\/wp\/v2\/users\/28"}],"replies":[{"embeddable":true,"href":"https:\/\/diariodominicano.com\/index.php?rest_route=%2Fwp%2Fv2%2Fcomments&post=328879"}],"version-history":[{"count":1,"href":"https:\/\/diariodominicano.com\/index.php?rest_route=\/wp\/v2\/posts\/328879\/revisions"}],"predecessor-version":[{"id":328881,"href":"https:\/\/diariodominicano.com\/index.php?rest_route=\/wp\/v2\/posts\/328879\/revisions\/328881"}],"wp:featuredmedia":[{"embeddable":true,"href":"https:\/\/diariodominicano.com\/index.php?rest_route=\/wp\/v2\/media\/328880"}],"wp:attachment":[{"href":"https:\/\/diariodominicano.com\/index.php?rest_route=%2Fwp%2Fv2%2Fmedia&parent=328879"}],"wp:term":[{"taxonomy":"category","embeddable":true,"href":"https:\/\/diariodominicano.com\/index.php?rest_route=%2Fwp%2Fv2%2Fcategories&post=328879"},{"taxonomy":"post_tag","embeddable":true,"href":"https:\/\/diariodominicano.com\/index.php?rest_route=%2Fwp%2Fv2%2Ftags&post=328879"}],"curies":[{"name":"wp","href":"https:\/\/api.w.org\/{rel}","templated":true}]}}