{"id":328876,"date":"2022-02-04T16:37:36","date_gmt":"2022-02-04T20:37:36","guid":{"rendered":"http:\/\/diariodominicano.com\/?p=328876"},"modified":"2022-02-04T16:37:36","modified_gmt":"2022-02-04T20:37:36","slug":"duplantis-y-jacobs-brillan-en-mitin-atletico-de-berlin","status":"publish","type":"post","link":"https:\/\/diariodominicano.com\/?p=328876","title":{"rendered":"Duplantis y Jacobs brillan en mitin atl\u00e9tico de Berl\u00edn"},"content":{"rendered":"\n<p>Berl\u00edn, 4 feb (Prensa Latina) Los campeones ol\u00edmpicos Armand Duplantis, de Suecia y Marcell Jacobs, de Italia, brillaron hoy en el mitin atl\u00e9tico ISTAF Indoor Berl\u00edn con escenario en la Arena Mercedes-Benz de la capital de Alemania.<\/p>\n\n\n\n<ul class=\"wp-block-list\"><li>febrero 4, 2022<\/li><li>CST15:01 (GMT) -0500<\/li><\/ul>\n\n\n\n<p>El sueco de 22 a\u00f1os domin\u00f3 con 6.03 metros el salto con p\u00e9rtiga para conquistar su segundo premio de la temporada invernal, luego del \u00e9xito en Karlsruhe el pasado 28 de enero; mientras, Jacobs triunf\u00f3 en la final de los 60 metros lisos con crono de 6.51 segundos.<\/p>\n\n\n\n<p>Duplantis, recordista mundial con 6.18 metros fue el \u00fanico de los ocho garrochistas presentes en Berl\u00edn en sobrepasar los seis metros y aventaj\u00f3 al estadounidense Kc Lightfoot (5.92) y al local Oleg Zernikel (5.81), segundo y tercero, respectivamente.<\/p>\n\n\n\n<p>Con esta marca, el titular bajo los cinco aros de Tokio 2020 mejor\u00f3 en un cent\u00edmetro el r\u00e9cord de reuniones de Berl\u00edn de 6.02 establecido por el franc\u00e9s Renaud Lavillenie en 2015.<\/p>\n\n\n\n<p>Por su parte, Jacobs disput\u00f3 su primera carrera desde el \u00e9xito en la capital japonesa y registr\u00f3 en el heat eliminatorio uno tiempo de 6.57 segundos para avanzar a la final con el mejor tiempo y superar en la l\u00ednea de meta al marfile\u00f1o Arthur Ciss\u00e9 (6.60) y al anfitri\u00f3n Lucas Ansah-Peprah (6.69), plata y bronce, en ese orden.<\/p>\n\n\n\n<p>Entre las damas, la titular ol\u00edmpica alemana Malaika Mihambo no pudo alegrar a sus parciales y concluy\u00f3 tercera en el salto de longitud con 6.66 metros, superada por la sueca Khaddi Sagnia (6.68) y su compatriota Merle Homeier (6.66), primera y segunda, respectivamente.<\/p>\n\n\n\n<p>Por Latinoam\u00e9rica, el brasile\u00f1o Rafael Pereira concluy\u00f3 tercero en los 60 metros con vallas con tiempo de 7.68 segundos; en tanto, la vallista corta barbadense Tristan Evelyn, la velocista jamaicana Megan Tapper y la saltadora de longitud ecuatoriana Yuliana Angulo, quedaron fuera de las medallas.<\/p>\n\n\n\n<p>oda\/yma<\/p>\n","protected":false},"excerpt":{"rendered":"<p>Berl\u00edn, 4 feb (Prensa Latina) Los campeones ol\u00edmpicos Armand Duplantis, de Suecia y Marcell Jacobs, de Italia, brillaron hoy en el mitin atl\u00e9tico ISTAF Indoor Berl\u00edn con escenario en la Arena Mercedes-Benz de la capital de Alemania. febrero 4, 2022 CST15:01 (GMT) -0500 El sueco de 22 a\u00f1os domin\u00f3 con 6.03 metros el salto con [&hellip;]<\/p>\n","protected":false},"author":28,"featured_media":328877,"comment_status":"closed","ping_status":"","sticky":true,"template":"","format":"standard","meta":{"footnotes":""},"categories":[17],"tags":[],"class_list":["post-328876","post","type-post","status-publish","format-standard","has-post-thumbnail","hentry","category-deportes"],"_links":{"self":[{"href":"https:\/\/diariodominicano.com\/index.php?rest_route=\/wp\/v2\/posts\/328876","targetHints":{"allow":["GET"]}}],"collection":[{"href":"https:\/\/diariodominicano.com\/index.php?rest_route=\/wp\/v2\/posts"}],"about":[{"href":"https:\/\/diariodominicano.com\/index.php?rest_route=\/wp\/v2\/types\/post"}],"author":[{"embeddable":true,"href":"https:\/\/diariodominicano.com\/index.php?rest_route=\/wp\/v2\/users\/28"}],"replies":[{"embeddable":true,"href":"https:\/\/diariodominicano.com\/index.php?rest_route=%2Fwp%2Fv2%2Fcomments&post=328876"}],"version-history":[{"count":1,"href":"https:\/\/diariodominicano.com\/index.php?rest_route=\/wp\/v2\/posts\/328876\/revisions"}],"predecessor-version":[{"id":328878,"href":"https:\/\/diariodominicano.com\/index.php?rest_route=\/wp\/v2\/posts\/328876\/revisions\/328878"}],"wp:featuredmedia":[{"embeddable":true,"href":"https:\/\/diariodominicano.com\/index.php?rest_route=\/wp\/v2\/media\/328877"}],"wp:attachment":[{"href":"https:\/\/diariodominicano.com\/index.php?rest_route=%2Fwp%2Fv2%2Fmedia&parent=328876"}],"wp:term":[{"taxonomy":"category","embeddable":true,"href":"https:\/\/diariodominicano.com\/index.php?rest_route=%2Fwp%2Fv2%2Fcategories&post=328876"},{"taxonomy":"post_tag","embeddable":true,"href":"https:\/\/diariodominicano.com\/index.php?rest_route=%2Fwp%2Fv2%2Ftags&post=328876"}],"curies":[{"name":"wp","href":"https:\/\/api.w.org\/{rel}","templated":true}]}}