{"id":328424,"date":"2022-02-02T22:10:40","date_gmt":"2022-02-03T02:10:40","guid":{"rendered":"http:\/\/diariodominicano.com\/?p=328424"},"modified":"2022-02-02T22:10:40","modified_gmt":"2022-02-03T02:10:40","slug":"nacio-en-montecristi-jose-ramon-lopez","status":"publish","type":"post","link":"https:\/\/diariodominicano.com\/?p=328424","title":{"rendered":"Naci\u00f3 en Montecristi Jos\u00e9 Ram\u00f3n L\u00f3pez"},"content":{"rendered":"\n<p><\/p>\n\n\n\n<p><strong>En opini\u00f3n de Jos\u00e9 Ram\u00f3n L\u00f3pez: \u201cdesde que un pueblo comienza a contar entre sus virtudes la facultad de prescindir a menudo del alimento necesario, puede asegurarse que ha entrado en la decadencia\u201d.<\/strong><\/p>\n\n\n\n<p>Por H\u00e9ctor Tineo Nolasco<\/p>\n\n\n\n<p>Diariodominicano.com<\/p>\n\n\n\n<p>SANTO DOMINGO, el&nbsp; 3 de febrero de 1866, naci\u00f3 en Montecristi, Jos\u00e9 Ram\u00f3n L\u00f3pez, hijo&nbsp; de Jos\u00e9 Mar\u00eda L\u00f3pez Escarfulleri&nbsp; y&nbsp; Juana de Lora.<\/p>\n\n\n\n<p>&nbsp;&nbsp; De&nbsp; joven se destac\u00f3 como un estudioso de la sociedad dominicana, y cuentista.<\/p>\n\n\n\n<p>&nbsp;&nbsp;&nbsp; Se&nbsp; form\u00f3&nbsp; en Puerto Plata y a temprana edad se dedic\u00f3 al periodismo. A los 18 a\u00f1os fue perseguido pol\u00edtico por el contenido de sus art\u00edculos en El Regenerador\u201d. En el a\u00f1o 1886, escap\u00f3 de la c\u00e1rcel y sali\u00f3 del pa\u00eds.<\/p>\n\n\n\n<p>&nbsp;&nbsp;&nbsp; Trabaj\u00f3 en peri\u00f3dicos de Puerto Rico y Venezuela.&nbsp; Al regresar a Rep\u00fablica Dominicana, &nbsp;en el a\u00f1o 1897, Jos\u00e9 Ram\u00f3n L\u00f3pez&nbsp; fue colaborador de List\u00edn Diario.<\/p>\n\n\n\n<p>&nbsp;&nbsp; Est\u00e1 en el conjunto&nbsp; de los principales cuentistas y ensayistas&nbsp; de Rep\u00fablica Dominicana.<\/p>\n\n\n\n<p>&nbsp;&nbsp; Entre sus obras figura el ensayo \u201cLa Alimentaci\u00f3n y las Razas\u201d, en el que trata la pobre alimentaci\u00f3n que se dan los dominicanos.<\/p>\n\n\n\n<p>&nbsp;&nbsp;&nbsp; En opini\u00f3n de Jos\u00e9 Ram\u00f3n L\u00f3pez: \u201cdesde que un pueblo comienza a contar entre sus virtudes la facultad de prescindir a menudo del alimento necesario, puede asegurarse que ha entrado en la decadencia\u201d.<\/p>\n\n\n\n<p>&nbsp;&nbsp;&nbsp; Fue un cr\u00edtico de los pol\u00edticos e intelectuales de su \u00e9poca que planteaban ideas para solucionar males nacionales sin ir &nbsp;al fondo de los problemas.<\/p>\n\n\n\n<p>Censur\u00f3 a los que denomin\u00f3 como \u201cLos predicadores de la paz\u201d, al sostener &nbsp;\u201cEs una \u00f1o\u00f1er\u00eda infantil entonar la cantinela de la paz a quien est\u00e1 abajo sufriendo el l\u00e1tigo de los de arriba mientras la organizaci\u00f3n social, inspirada en el feudalismo que trajeron en el&nbsp; tu\u00e9tano los Conquistadores, le mantiene aherrojado o impotente contra el adversario triunfador, a quien no animan otros sentimientos que los que hicieron exclamar a Breno en el terrible momento de la victoria: \u201chay de los vencidos\u201d.<\/p>\n\n\n\n<p>&nbsp;&nbsp;&nbsp; Para Jos\u00e9 Ram\u00f3n L\u00f3pez,&nbsp; fue motivo de inquietud, la extrema pobreza. As\u00ed advert\u00eda: \u201cAqu\u00ed predominan las largu\u00edsimas familias cuyos troncos son la Miseria, la Ignorancia y la Soberbia. Esos tres elementos llenan y rebosan&nbsp; el ambiente del pa\u00eds\u201d.<\/p>\n\n\n\n<p>&nbsp;&nbsp;&nbsp; Sosten\u00eda &nbsp;el criterio de que el nivel moral e intelectual de la poblaci\u00f3n nacional debe ser elevado por el conjunto de esfuerzos de los factores econ\u00f3micos, &nbsp;pol\u00edticos y educacionales.<\/p>\n\n\n\n<p>&nbsp;&nbsp;&nbsp; En sus novelas \u201cNicia\u201d y \u201cDolores\u201d, Jos\u00e9 Ram\u00f3n L\u00f3pez trata sobre la \u00e9poca de las luchas intestinas en la Rep\u00fablica Dominicana, durante el siglo 19 y los primeros a\u00f1os del siglo 20.<\/p>\n\n\n\n<p>&nbsp;&nbsp;&nbsp;&nbsp; Jos\u00e9 Ram\u00f3n L\u00f3pez falleci\u00f3 &nbsp;el 2 de agosto de 1922.<\/p>\n","protected":false},"excerpt":{"rendered":"<p>En opini\u00f3n de Jos\u00e9 Ram\u00f3n L\u00f3pez: \u201cdesde que un pueblo comienza a contar entre sus virtudes la facultad de prescindir a menudo del alimento necesario, puede asegurarse que ha entrado en la decadencia\u201d. Por H\u00e9ctor Tineo Nolasco Diariodominicano.com SANTO DOMINGO, el&nbsp; 3 de febrero de 1866, naci\u00f3 en Montecristi, Jos\u00e9 Ram\u00f3n L\u00f3pez, hijo&nbsp; de Jos\u00e9 [&hellip;]<\/p>\n","protected":false},"author":28,"featured_media":328428,"comment_status":"closed","ping_status":"","sticky":true,"template":"","format":"standard","meta":{"footnotes":""},"categories":[26,27],"tags":[],"class_list":["post-328424","post","type-post","status-publish","format-standard","has-post-thumbnail","hentry","category-efemerides","category-portada"],"_links":{"self":[{"href":"https:\/\/diariodominicano.com\/index.php?rest_route=\/wp\/v2\/posts\/328424","targetHints":{"allow":["GET"]}}],"collection":[{"href":"https:\/\/diariodominicano.com\/index.php?rest_route=\/wp\/v2\/posts"}],"about":[{"href":"https:\/\/diariodominicano.com\/index.php?rest_route=\/wp\/v2\/types\/post"}],"author":[{"embeddable":true,"href":"https:\/\/diariodominicano.com\/index.php?rest_route=\/wp\/v2\/users\/28"}],"replies":[{"embeddable":true,"href":"https:\/\/diariodominicano.com\/index.php?rest_route=%2Fwp%2Fv2%2Fcomments&post=328424"}],"version-history":[{"count":1,"href":"https:\/\/diariodominicano.com\/index.php?rest_route=\/wp\/v2\/posts\/328424\/revisions"}],"predecessor-version":[{"id":328429,"href":"https:\/\/diariodominicano.com\/index.php?rest_route=\/wp\/v2\/posts\/328424\/revisions\/328429"}],"wp:featuredmedia":[{"embeddable":true,"href":"https:\/\/diariodominicano.com\/index.php?rest_route=\/wp\/v2\/media\/328428"}],"wp:attachment":[{"href":"https:\/\/diariodominicano.com\/index.php?rest_route=%2Fwp%2Fv2%2Fmedia&parent=328424"}],"wp:term":[{"taxonomy":"category","embeddable":true,"href":"https:\/\/diariodominicano.com\/index.php?rest_route=%2Fwp%2Fv2%2Fcategories&post=328424"},{"taxonomy":"post_tag","embeddable":true,"href":"https:\/\/diariodominicano.com\/index.php?rest_route=%2Fwp%2Fv2%2Ftags&post=328424"}],"curies":[{"name":"wp","href":"https:\/\/api.w.org\/{rel}","templated":true}]}}