{"id":328388,"date":"2022-02-02T21:13:48","date_gmt":"2022-02-03T01:13:48","guid":{"rendered":"http:\/\/diariodominicano.com\/?p=328388"},"modified":"2022-02-02T21:13:48","modified_gmt":"2022-02-03T01:13:48","slug":"titular-de-onu-asistira-en-china-a-juegos-olimpicos-de-invierno","status":"publish","type":"post","link":"https:\/\/diariodominicano.com\/?p=328388","title":{"rendered":"Titular de ONU asistir\u00e1 en China a Juegos Ol\u00edmpicos de Invierno"},"content":{"rendered":"\n<h1 class=\"wp-block-heading\"><\/h1>\n\n\n\n<figure class=\"wp-block-image\"><img decoding=\"async\" src=\"https:\/\/www.prensa-latina.cu\/wp-content\/uploads\/2022\/02\/AntonioG-ONU.jpg\" alt=\"AntonioG-ONU\"\/><\/figure>\n\n\n\n<p>Naciones Unidas, 2 feb (Prensa Latina) El secretario general de la ONU, Ant\u00f3nio Guterres, viajar\u00e1 hoy hacia Beijing para asistir a la inauguraci\u00f3n de los Juegos Ol\u00edmpicos de Invierno, seg\u00fan anunci\u00f3 su portavoz adjunto, Farhan Haq.<\/p>\n\n\n\n<ul class=\"wp-block-list\"><li>febrero 2, 2022<\/li><li>CST14:29 (GMT) -0500<\/li><\/ul>\n\n\n\n<p>Adem\u00e1s, durante su estancia en la capital de China, el titular se reunir\u00e1 con el presidente del Comit\u00e9 Ol\u00edmpico Internacional, Thomas Bach, y autoridades del gigante asi\u00e1tico, indic\u00f3 el vocero.<\/p>\n\n\n\n<p>De acuerdo con la agenda prevista, Guterres participar\u00e1 el viernes en la inauguraci\u00f3n de los juegos y regresar\u00e1 a Nueva York el domingo.<\/p>\n\n\n\n<p>Este mi\u00e9rcoles, la antorcha de los Juegos Ol\u00edmpicos de Invierno Beijing-2022 comenz\u00f3 su recorrido por las arterias de la capital china, en un periplo de dos d\u00edas que ser\u00e1 m\u00e1s corto de lo habitual y mayormente sin espectadores por el agravamiento de la pandemia de Covid-19.<\/p>\n\n\n\n<p>La traves\u00eda de la antorcha concluir\u00e1 el viernes despu\u00e9s de recorrer en manos de mil 200 personas numerosas \u00e1reas emblem\u00e1ticas de Beijing, Yanqing y Zhangjiakou, las tres plazas que acoger\u00e1n las competencias.<\/p>\n\n\n\n<p>Beijing-2022 est\u00e1 en cuenta regresiva y \u2013bajo el lema \u00abTogether for a Shared Future\u00bb (Juntos por un futuro compartido)\u2013 en dos d\u00edas mostrar\u00e1 lo que prometi\u00f3 ser\u00e1 el mejor espect\u00e1culo sobre hielo y nieve celebrado jam\u00e1s, con m\u00e1s deportes y atletas mejor preparados.<\/p>\n\n\n\n<p>Adem\u00e1s, la capital china se convertir\u00e1 en la la \u00fanica del planeta en albergar ambas variantes de la cita bajo los cinco aros, tras acoger la versi\u00f3n veraniega de 2008.<\/p>\n\n\n\n<p>Con casi tres mil atletas que participar\u00e1n en las diferentes disciplinas deportivas, el cap\u00edtulo ol\u00edmpico de invierno transcurrir\u00e1 del 4 al 20 de febrero, mientras el paral\u00edmpico ser\u00e1 del 4 al 13 de marzo.<\/p>\n\n\n\n<p>mem\/ifb<\/p>\n","protected":false},"excerpt":{"rendered":"<p>Naciones Unidas, 2 feb (Prensa Latina) El secretario general de la ONU, Ant\u00f3nio Guterres, viajar\u00e1 hoy hacia Beijing para asistir a la inauguraci\u00f3n de los Juegos Ol\u00edmpicos de Invierno, seg\u00fan anunci\u00f3 su portavoz adjunto, Farhan Haq. febrero 2, 2022 CST14:29 (GMT) -0500 Adem\u00e1s, durante su estancia en la capital de China, el titular se reunir\u00e1 [&hellip;]<\/p>\n","protected":false},"author":28,"featured_media":328389,"comment_status":"closed","ping_status":"","sticky":false,"template":"","format":"standard","meta":{"footnotes":""},"categories":[17],"tags":[],"class_list":["post-328388","post","type-post","status-publish","format-standard","has-post-thumbnail","hentry","category-deportes"],"_links":{"self":[{"href":"https:\/\/diariodominicano.com\/index.php?rest_route=\/wp\/v2\/posts\/328388","targetHints":{"allow":["GET"]}}],"collection":[{"href":"https:\/\/diariodominicano.com\/index.php?rest_route=\/wp\/v2\/posts"}],"about":[{"href":"https:\/\/diariodominicano.com\/index.php?rest_route=\/wp\/v2\/types\/post"}],"author":[{"embeddable":true,"href":"https:\/\/diariodominicano.com\/index.php?rest_route=\/wp\/v2\/users\/28"}],"replies":[{"embeddable":true,"href":"https:\/\/diariodominicano.com\/index.php?rest_route=%2Fwp%2Fv2%2Fcomments&post=328388"}],"version-history":[{"count":1,"href":"https:\/\/diariodominicano.com\/index.php?rest_route=\/wp\/v2\/posts\/328388\/revisions"}],"predecessor-version":[{"id":328390,"href":"https:\/\/diariodominicano.com\/index.php?rest_route=\/wp\/v2\/posts\/328388\/revisions\/328390"}],"wp:featuredmedia":[{"embeddable":true,"href":"https:\/\/diariodominicano.com\/index.php?rest_route=\/wp\/v2\/media\/328389"}],"wp:attachment":[{"href":"https:\/\/diariodominicano.com\/index.php?rest_route=%2Fwp%2Fv2%2Fmedia&parent=328388"}],"wp:term":[{"taxonomy":"category","embeddable":true,"href":"https:\/\/diariodominicano.com\/index.php?rest_route=%2Fwp%2Fv2%2Fcategories&post=328388"},{"taxonomy":"post_tag","embeddable":true,"href":"https:\/\/diariodominicano.com\/index.php?rest_route=%2Fwp%2Fv2%2Ftags&post=328388"}],"curies":[{"name":"wp","href":"https:\/\/api.w.org\/{rel}","templated":true}]}}