{"id":328384,"date":"2022-02-02T21:11:47","date_gmt":"2022-02-03T01:11:47","guid":{"rendered":"http:\/\/diariodominicano.com\/?p=328384"},"modified":"2022-02-02T21:11:47","modified_gmt":"2022-02-03T01:11:47","slug":"nadal-califica-de-experiencia-inolvidable-hazana-en-melbourne","status":"publish","type":"post","link":"https:\/\/diariodominicano.com\/?p=328384","title":{"rendered":"Nadal califica de experiencia inolvidable haza\u00f1a en Melbourne"},"content":{"rendered":"\n<h1 class=\"wp-block-heading\"><\/h1>\n\n\n\n<p>Madrid, 2 feb (Prensa Latina) Todav\u00eda con las mieles del \u00e9xito en sus labios y la casi absoluta unanimidad de elogios en Espa\u00f1a, Rafa Nadal calific\u00f3 hoy de experiencia inolvidable su haza\u00f1a en Melbourne.<\/p>\n\n\n\n<ul class=\"wp-block-list\"><li>febrero 2, 2022<\/li><li>CST13:43 (GMT) -0500<\/li><\/ul>\n\n\n\n<p>El tenis y el deporte mundial se rindieron a sus pies tras ganar el pasado domingo su vig\u00e9simo primer Grand Slam, para marcar un precedente hist\u00f3rico, por encima de sus archirrivales, el suizo Roger Federer y el serbio Novak Djokovic.<\/p>\n\n\n\n<p>\u00abA nivel personal ha sido una experiencia inolvidable, he podido disfrutar otra vez del deporte al m\u00e1ximo nivel, cosa que se hac\u00eda muy dif\u00edcil imaginar hace pocas semanas\u00bb, dijo el estelar zurdo en una rueda de prensa en su academia de Palma de Mallorca.<\/p>\n\n\n\n<p>Flanqueado por el trofeo ganado en la ciudad australiana, no escondi\u00f3 el orgullo de conquistar el cetro y la proeza de los 21 Grand Slam despu\u00e9s de pasar por una etapa de lesiones e inestabilidad que lo hizo pensar en alg\u00fan momento en el retiro.<\/p>\n\n\n\n<p>\u00abPara m\u00ed ha sido especial poder volver competir al m\u00e1ximo con los mejores jugadores, esto es vital para m\u00ed de cara al futuro\u00bb, apunt\u00f3 el oriundo de Manacor, islas Baleares.<\/p>\n\n\n\n<p>M\u00e1s de cinco horas de partido en duelo \u00e9pico ante un tremendo rival, el ruso Daniil Medvedev, triunfo en cinco sets (2-6, 6-7, 6-4, 6-4, 7-5) y un r\u00e9cord con sus 21 t\u00edtulos (Abierto de Australia, Roland Garros, Wimbledon y Abierto de Estados Unidos).<\/p>\n\n\n\n<p>Falt\u00f3 a una cita que le resulta muy entra\u00f1able, los Juegos Ol\u00edmpico, porque cuando Tokio empezaba a resentirse de sus lesiones y decidi\u00f3 parar. Duros meses para la recuperaci\u00f3n y con la incertidumbre, primero de si volver\u00eda a los courts, y luego cu\u00e1l ser\u00eda su nivel.<\/p>\n\n\n\n<p>Lesiones y hasta contraer el coronavirus a finales del pasado a\u00f1o.<\/p>\n\n\n\n<p>\u00abLa situaci\u00f3n era dram\u00e1tica para m\u00ed, pero se ha dado la circunstancia que en la vez menos esperada he jugado con desparpajo, ilusi\u00f3n y alegr\u00eda\u00bb, coment\u00f3.<\/p>\n\n\n\n<p>\u00ab\u00bfQuiero ser el que tenga m\u00e1s Grand Slam al final de la carrera de nosotros tres (Federer, Djokovic)?, al final hay que ser claros, somos nosotros tres, s\u00ed, me encantar\u00eda. \u00bfMe obsesiona o me frustra la idea de no serlo? Cero.\u00bb Sentenci\u00f3 Nadal.<\/p>\n\n\n\n<p>mem\/Ft<\/p>\n","protected":false},"excerpt":{"rendered":"<p>Madrid, 2 feb (Prensa Latina) Todav\u00eda con las mieles del \u00e9xito en sus labios y la casi absoluta unanimidad de elogios en Espa\u00f1a, Rafa Nadal calific\u00f3 hoy de experiencia inolvidable su haza\u00f1a en Melbourne. febrero 2, 2022 CST13:43 (GMT) -0500 El tenis y el deporte mundial se rindieron a sus pies tras ganar el pasado [&hellip;]<\/p>\n","protected":false},"author":28,"featured_media":328385,"comment_status":"closed","ping_status":"","sticky":false,"template":"","format":"standard","meta":{"footnotes":""},"categories":[17,27],"tags":[],"class_list":["post-328384","post","type-post","status-publish","format-standard","has-post-thumbnail","hentry","category-deportes","category-portada"],"_links":{"self":[{"href":"https:\/\/diariodominicano.com\/index.php?rest_route=\/wp\/v2\/posts\/328384","targetHints":{"allow":["GET"]}}],"collection":[{"href":"https:\/\/diariodominicano.com\/index.php?rest_route=\/wp\/v2\/posts"}],"about":[{"href":"https:\/\/diariodominicano.com\/index.php?rest_route=\/wp\/v2\/types\/post"}],"author":[{"embeddable":true,"href":"https:\/\/diariodominicano.com\/index.php?rest_route=\/wp\/v2\/users\/28"}],"replies":[{"embeddable":true,"href":"https:\/\/diariodominicano.com\/index.php?rest_route=%2Fwp%2Fv2%2Fcomments&post=328384"}],"version-history":[{"count":1,"href":"https:\/\/diariodominicano.com\/index.php?rest_route=\/wp\/v2\/posts\/328384\/revisions"}],"predecessor-version":[{"id":328387,"href":"https:\/\/diariodominicano.com\/index.php?rest_route=\/wp\/v2\/posts\/328384\/revisions\/328387"}],"wp:featuredmedia":[{"embeddable":true,"href":"https:\/\/diariodominicano.com\/index.php?rest_route=\/wp\/v2\/media\/328385"}],"wp:attachment":[{"href":"https:\/\/diariodominicano.com\/index.php?rest_route=%2Fwp%2Fv2%2Fmedia&parent=328384"}],"wp:term":[{"taxonomy":"category","embeddable":true,"href":"https:\/\/diariodominicano.com\/index.php?rest_route=%2Fwp%2Fv2%2Fcategories&post=328384"},{"taxonomy":"post_tag","embeddable":true,"href":"https:\/\/diariodominicano.com\/index.php?rest_route=%2Fwp%2Fv2%2Ftags&post=328384"}],"curies":[{"name":"wp","href":"https:\/\/api.w.org\/{rel}","templated":true}]}}