{"id":328362,"date":"2022-02-02T20:51:08","date_gmt":"2022-02-03T00:51:08","guid":{"rendered":"http:\/\/diariodominicano.com\/?p=328362"},"modified":"2022-02-02T20:51:08","modified_gmt":"2022-02-03T00:51:08","slug":"sub17-femenina-efectuara-modulo-con-22-jugadoras","status":"publish","type":"post","link":"https:\/\/diariodominicano.com\/?p=328362","title":{"rendered":"Sub17 femenina efectuar\u00e1 m\u00f3dulo con 22 jugadoras"},"content":{"rendered":"\n<p><\/p>\n\n\n\n<p><\/p>\n\n\n\n<p>SANTO DOMINGO.- La selecci\u00f3n dominicana de f\u00fatbol femenina sub17 realizar\u00e1 un m\u00f3dulo de trabajo con 22 futbolistas que hacen vida en f\u00fatbol local desde el jueves 3 hasta el domingo 6 de febrero de 2022 en el Centro de Alto Rendimiento de la Federaci\u00f3n Dominicana de F\u00fatbol en San Crist\u00f3bal.<\/p>\n\n\n\n<p>De esta manera el conjunto nacional contin\u00faa su preparaci\u00f3n de cara al Campeonato de Concacaf que se disputar\u00e1 en nuestro pa\u00eds en el mes de abril y que otorgar\u00e1 cupos al mundial de la categor\u00eda.<\/p>\n\n\n\n<p>Las jugadoras que trabajar\u00e1n en este m\u00f3dulo son las guardametas Rosmaira De Paula (Escuela JAMP) y Steisy Valdez (5 de Abril); las defensoras Elaine Linares (Escuela JAMP), Janna V\u00e1squez (DV7 Academy), Evanyi P\u00e9rez (FC Rodr\u00edguez Garc\u00eda), Loemy Soto (5 de Abril), Nelianny Amador (5 de Abril), Darielis Jim\u00e9nez (5 de Abril), Adriana Adames (Santa Fe FC) Mar\u00eda Mart\u00ednez (Cibao FC), Alexa Santiago (Cibao FC) y Doina Monci\u00f3n (Cibao FC).<\/p>\n\n\n\n<p>Las mediocampistas convocadas fueron Melany Alc\u00e1ntara (Bob Soccer School), mar\u00eda Torreira (Santa Fe FC), Diolvelis Rodr\u00edguez (A4 Sports Club), Yomeiry Abreu (A4 Sports Club), Yoneldy Pe\u00f1a (A4 Sports Club), Jeanery D\u00edaz (Cibao FC), Alba S\u00e1nchez (FC La Academia de Santiago) y completan el grupo las delanteras Graciela Rodr\u00edguez (FC San Isisdro) y Ana Dom\u00ednguez (Cibao FC).<\/p>\n\n\n\n<p>Este m\u00f3dulo de preparaci\u00f3n estar\u00e1 bajo la coordinaci\u00f3n de Betzaida Ubri.<\/p>\n\n\n\n<p>Fedofutbol Prensa<a target=\"_blank\" href=\"mailto:fedofutbolprensa2019@gmail.com\" rel=\"noreferrer noopener\">fedofutbolprensa2019@gmail.c<\/a><\/p>\n\n\n\n<p>PRENSA FEDOFUTBOL\u00a0<\/p>\n","protected":false},"excerpt":{"rendered":"<p>SANTO DOMINGO.- La selecci\u00f3n dominicana de f\u00fatbol femenina sub17 realizar\u00e1 un m\u00f3dulo de trabajo con 22 futbolistas que hacen vida en f\u00fatbol local desde el jueves 3 hasta el domingo 6 de febrero de 2022 en el Centro de Alto Rendimiento de la Federaci\u00f3n Dominicana de F\u00fatbol en San Crist\u00f3bal. De esta manera el conjunto [&hellip;]<\/p>\n","protected":false},"author":28,"featured_media":328363,"comment_status":"closed","ping_status":"","sticky":true,"template":"","format":"standard","meta":{"footnotes":""},"categories":[17,27],"tags":[],"class_list":["post-328362","post","type-post","status-publish","format-standard","has-post-thumbnail","hentry","category-deportes","category-portada"],"_links":{"self":[{"href":"https:\/\/diariodominicano.com\/index.php?rest_route=\/wp\/v2\/posts\/328362","targetHints":{"allow":["GET"]}}],"collection":[{"href":"https:\/\/diariodominicano.com\/index.php?rest_route=\/wp\/v2\/posts"}],"about":[{"href":"https:\/\/diariodominicano.com\/index.php?rest_route=\/wp\/v2\/types\/post"}],"author":[{"embeddable":true,"href":"https:\/\/diariodominicano.com\/index.php?rest_route=\/wp\/v2\/users\/28"}],"replies":[{"embeddable":true,"href":"https:\/\/diariodominicano.com\/index.php?rest_route=%2Fwp%2Fv2%2Fcomments&post=328362"}],"version-history":[{"count":1,"href":"https:\/\/diariodominicano.com\/index.php?rest_route=\/wp\/v2\/posts\/328362\/revisions"}],"predecessor-version":[{"id":328364,"href":"https:\/\/diariodominicano.com\/index.php?rest_route=\/wp\/v2\/posts\/328362\/revisions\/328364"}],"wp:featuredmedia":[{"embeddable":true,"href":"https:\/\/diariodominicano.com\/index.php?rest_route=\/wp\/v2\/media\/328363"}],"wp:attachment":[{"href":"https:\/\/diariodominicano.com\/index.php?rest_route=%2Fwp%2Fv2%2Fmedia&parent=328362"}],"wp:term":[{"taxonomy":"category","embeddable":true,"href":"https:\/\/diariodominicano.com\/index.php?rest_route=%2Fwp%2Fv2%2Fcategories&post=328362"},{"taxonomy":"post_tag","embeddable":true,"href":"https:\/\/diariodominicano.com\/index.php?rest_route=%2Fwp%2Fv2%2Ftags&post=328362"}],"curies":[{"name":"wp","href":"https:\/\/api.w.org\/{rel}","templated":true}]}}