{"id":328353,"date":"2022-02-02T20:24:25","date_gmt":"2022-02-03T00:24:25","guid":{"rendered":"http:\/\/diariodominicano.com\/?p=328353"},"modified":"2022-02-02T20:24:25","modified_gmt":"2022-02-03T00:24:25","slug":"este-viernes-1er-torneo-clasificatorio-copa-ortiz-celado-en-el-polideportivo-de-san-pedro-de-macoris","status":"publish","type":"post","link":"https:\/\/diariodominicano.com\/?p=328353","title":{"rendered":"Este viernes 1er Torneo clasificatorio Copa Ortiz Celado en el polideportivo de San Pedro de Macor\u00eds"},"content":{"rendered":"\n<p>Santo Domingo. \u2013 &nbsp;Este viernes, en el polideportivo de San Pedro de Macor\u00eds, la Federaci\u00f3n Dominicana de B\u00e1dminton inicia su 1er Torneo clasificatorio Copa Ortiz Celado, con la participaci\u00f3n de los dos mejores atletas de cada provincia en las categor\u00edas sub19 y sub17 a\u00f1os, y bajo el auspicio del Ministerio de Deportes, el Comit\u00e9 Ol\u00edmpico Dominicano y los Comedores Econ\u00f3micos del Estado.<\/p>\n\n\n\n<p>El evento, que se extender\u00e1 durante todo el fin de semana, forma parte de un circuito clasificatorio para representar al pa\u00eds en el XXX Campeonato Panamericano Juvenil que ser\u00e1 celebrado en Santo Domingo del 14 al 22 de julio del presente a\u00f1o.<\/p>\n\n\n\n<p>Los detalles fueron ofrecidos, Generoso Castillo, director general del evento, quien estuvo acompa\u00f1ado de Miguel Feliz (director t\u00e9cnico), Keisy Feliz (referee oficial), mientras que por los anfitriones (San Pedro de Macor\u00eds) estuvieron presente los directores provinciales, de Deportes (Miguel Jim\u00e9nez) y de Comedores Econ\u00f3micos (Alex Astacio), junto al presidente de la asociaci\u00f3n de b\u00e1dminton de la provincia, Santos Rijo.<\/p>\n\n\n\n<p>&nbsp;\u201cTenemos que sacar el mejor equipo posible, no podemos pasar verg\u00fcenza en nuestra patria, pues despu\u00e9s de 11 a\u00f1os de espera nos dieron de nuevo la sede del campeonato m\u00e1s grande de la zona, el Panamericano Juvenil, con 27 pa\u00edses participando\u201d, agreg\u00f3 Castillo.<\/p>\n\n\n\n<p>Feliz (Miguel) de su lado, inform\u00f3 que el torneo se jugar\u00e1 en el formato de todos contra todos, mientras que Feliz (Keisy) destac\u00f3 que para la justa el cuerpo de \u00e1rbitros que e acompa\u00f1ar\u00e1n son, Victor Reyes(Salcedo), C\u00e9sar Feliz y Waldy P\u00e9rez (Santo Domingo), Juan Amancio (Distrito Nacional), y los locales Carlos Rijo y Jes\u00fas Williams.<\/p>\n\n\n\n<p>El 1er Torneo clasificatorio Copa Ortiz Celado, en las categor\u00edas sub19 y sub17 a\u00f1os, cuenta con atletas provenientes de Bayaguana, Barahona, Ban\u00ed, Distrito Nacional, Nagua, La Romana, San Crist\u00f3bal y San Pedro de Macor\u00eds como anfitri\u00f3n.<\/p>\n\n\n\n<p>Dentro de las figuras a seguir en el certamen se encuentran, Kael Sosa, de Nagua y Michel Guzm\u00e1n, de Bayaguana, quienes ya han sido medallistas en eventos internacionales.La segunda etapa de la Copa Ortiz Celado, pero en las categor\u00edas sub15, sub13 y sub11 a\u00f1os, se jugar\u00e1 del 18 al 20 de febrero en el pabell\u00f3n de balonmano del parque del este en Santo Domingo.<\/p>\n\n\n\n<p>generoso castillo<a target=\"_blank\" href=\"mailto:genecalia@yahoo.com\" rel=\"noreferrer noopener\">genecalia@yahoo.com<\/a><\/p>\n\n\n\n<p><br><br><strong>DR. GENEROSO CASTILLOGENECA EMPRESARIAL Y ASOC&#8230;<\/strong>(0965<a rel=\"noreferrer noopener\" href=\"mailto:gcastillofedobad@gmail.com\" target=\"_blank\"><\/a><strong><a rel=\"noreferrer noopener\" href=\"mailto:gcastillofedobad@gmail.com\" target=\"_blank\">gcastillofedobad@gmail.com<\/a><a rel=\"noreferrer noopener\" href=\"http:\/\/facebook.com\/generoso.castillo\" target=\"_blank\">facebook.com\/generoso.castillo<\/a><a rel=\"noreferrer noopener\" href=\"http:\/\/twitter.com\/Gnerosocastillo\" target=\"_blank\">twitter.com\/Gnerosocastillo<\/a><\/strong><\/p>\n","protected":false},"excerpt":{"rendered":"<p>Santo Domingo. \u2013 &nbsp;Este viernes, en el polideportivo de San Pedro de Macor\u00eds, la Federaci\u00f3n Dominicana de B\u00e1dminton inicia su 1er Torneo clasificatorio Copa Ortiz Celado, con la participaci\u00f3n de los dos mejores atletas de cada provincia en las categor\u00edas sub19 y sub17 a\u00f1os, y bajo el auspicio del Ministerio de Deportes, el Comit\u00e9 Ol\u00edmpico [&hellip;]<\/p>\n","protected":false},"author":28,"featured_media":328354,"comment_status":"closed","ping_status":"","sticky":true,"template":"","format":"standard","meta":{"footnotes":""},"categories":[17,27],"tags":[],"class_list":["post-328353","post","type-post","status-publish","format-standard","has-post-thumbnail","hentry","category-deportes","category-portada"],"_links":{"self":[{"href":"https:\/\/diariodominicano.com\/index.php?rest_route=\/wp\/v2\/posts\/328353","targetHints":{"allow":["GET"]}}],"collection":[{"href":"https:\/\/diariodominicano.com\/index.php?rest_route=\/wp\/v2\/posts"}],"about":[{"href":"https:\/\/diariodominicano.com\/index.php?rest_route=\/wp\/v2\/types\/post"}],"author":[{"embeddable":true,"href":"https:\/\/diariodominicano.com\/index.php?rest_route=\/wp\/v2\/users\/28"}],"replies":[{"embeddable":true,"href":"https:\/\/diariodominicano.com\/index.php?rest_route=%2Fwp%2Fv2%2Fcomments&post=328353"}],"version-history":[{"count":1,"href":"https:\/\/diariodominicano.com\/index.php?rest_route=\/wp\/v2\/posts\/328353\/revisions"}],"predecessor-version":[{"id":328355,"href":"https:\/\/diariodominicano.com\/index.php?rest_route=\/wp\/v2\/posts\/328353\/revisions\/328355"}],"wp:featuredmedia":[{"embeddable":true,"href":"https:\/\/diariodominicano.com\/index.php?rest_route=\/wp\/v2\/media\/328354"}],"wp:attachment":[{"href":"https:\/\/diariodominicano.com\/index.php?rest_route=%2Fwp%2Fv2%2Fmedia&parent=328353"}],"wp:term":[{"taxonomy":"category","embeddable":true,"href":"https:\/\/diariodominicano.com\/index.php?rest_route=%2Fwp%2Fv2%2Fcategories&post=328353"},{"taxonomy":"post_tag","embeddable":true,"href":"https:\/\/diariodominicano.com\/index.php?rest_route=%2Fwp%2Fv2%2Ftags&post=328353"}],"curies":[{"name":"wp","href":"https:\/\/api.w.org\/{rel}","templated":true}]}}